{"id":351601,"date":"2021-04-27T09:08:54","date_gmt":"2021-04-27T07:08:54","guid":{"rendered":"https:\/\/cnsfg.cat\/wir-nehmen-am-lets-clean-up-europe-reinigungstag-teil\/"},"modified":"2021-04-27T09:08:54","modified_gmt":"2021-04-27T07:08:54","slug":"wir-nehmen-am-lets-clean-up-europe-reinigungstag-teil","status":"publish","type":"post","link":"https:\/\/cnsfg.cat\/de\/wir-nehmen-am-lets-clean-up-europe-reinigungstag-teil\/","title":{"rendered":"Wir nehmen am Let&#8217;s Clean Up Europe Reinigungstag teil!"},"content":{"rendered":"<p>Der n\u00e4chste <strong>8. Mai<\/strong> <strong>Club N\u00e0utic Sant Feliu de Gu\u00edxols<\/strong> nimmt am Reinigungstag teil <strong>Lasst uns Europa aufr\u00e4umen<\/strong>, eine gemeinsame Aktion in ganz Europa, um das Bewusstsein f\u00fcr die Menge an Abfall zu sch\u00e4rfen, die wir unkontrolliert in die Natur werfen, und Sensibilisierungsma\u00dfnahmen durch die Sammlung dieser Abf\u00e4lle zu f\u00f6rdern, die illegal in W\u00e4ldern, Str\u00e4nden, Flussufern usw. entsorgt werden.<\/p>\n<p>Die Operation zur S\u00e4uberung der CNSFG beginnt um 11:00 Uhr im Schuppen des Segelclubs und erwartet, den angesammelten M\u00fcll im Hafen und am Strand zu sammeln. Die Aktivit\u00e4t wird voraussichtlich zwei Stunden dauern.<\/p>\n<p>Alle Teilnehmer erhalten eine Erinnerungstasche der Aktivit\u00e4t sowie ein Paar Handschuhe, um die Reinigungsaufgaben ordnungsgem\u00e4\u00df ausf\u00fchren zu k\u00f6nnen.<\/p>\n<h3>K\u00fcstenreinigung: eine notwendige Ma\u00dfnahme f\u00fcr die Umwelt<\/h3>\n<p>Derzeit machen Kunststoffe 95% der schwimmenden Abf\u00e4lle im Mittelmeer aus und sind \u00e4u\u00dferst gef\u00e4hrlicher Abfall f\u00fcr Meerestiere, die erstickt sterben k\u00f6nnen. Auch Mikroplastik ist eine Bedrohung, die in die Nahrungskette der Art einflie\u00dft und f\u00fcr viele Tiere eine Bedrohung darstellen kann.<\/p>\n<p>Aus diesem Grund appellieren wir vom Sant Feliu de Gu\u00edxols Yacht Club an die individuelle Verantwortung aller und laden die Bev\u00f6lkerung ein, am f\u00fcr den 8. Mai geplanten Reinigungstag teilzunehmen, um sich um unsere nat\u00fcrliche Umwelt zu k\u00fcmmern.<\/p>\n","protected":false},"excerpt":{"rendered":"<p>Der n\u00e4chste 8. Mai Club N\u00e0utic Sant Feliu de Gu\u00edxols nimmt am Reinigungstag teil Lasst uns Europa aufr\u00e4umen, eine gemeinsame Aktion in ganz Europa, um das Bewusstsein f\u00fcr die Menge [&hellip;]<\/p>\n","protected":false},"author":5,"featured_media":348874,"comment_status":"open","ping_status":"open","sticky":false,"template":"","format":"standard","meta":{"_et_pb_use_builder":"","_et_pb_old_content":"","_et_gb_content_width":"","footnotes":""},"categories":[301],"tags":[303,302,304],"class_list":["post-351601","post","type-post","status-publish","format-standard","has-post-thumbnail","hentry","category-umwelt-und-csr","tag-lass-uns-europa-aufraumen","tag-naturlichen-umgebung","tag-rsc-de"],"yoast_head":"<!-- This site is optimized with the Yoast SEO plugin v27.5 - https:\/\/yoast.com\/product\/yoast-seo-wordpress\/ -->\n<title>Wir nehmen am Let&#039;s Clean Up Europe Reinigungstag teil! - Club N\u00e0utic Sant Feliu de Guixols<\/title>\n<meta name=\"robots\" content=\"index, follow, max-snippet:-1, max-image-preview:large, max-video-preview:-1\" \/>\n<link rel=\"canonical\" href=\"https:\/\/cnsfg.cat\/de\/wir-nehmen-am-lets-clean-up-europe-reinigungstag-teil\/\" \/>\n<meta property=\"og:locale\" content=\"de_DE\" \/>\n<meta property=\"og:type\" content=\"article\" \/>\n<meta property=\"og:title\" content=\"Wir nehmen am Let&#039;s Clean Up Europe Reinigungstag teil! - Club N\u00e0utic Sant Feliu de Guixols\" \/>\n<meta property=\"og:description\" content=\"Der n\u00e4chste 8. Mai Club N\u00e0utic Sant Feliu de Gu\u00edxols nimmt am Reinigungstag teil Lasst uns Europa aufr\u00e4umen, eine gemeinsame Aktion in ganz Europa, um das Bewusstsein f\u00fcr die Menge [&hellip;]\" \/>\n<meta property=\"og:url\" content=\"https:\/\/cnsfg.cat\/de\/wir-nehmen-am-lets-clean-up-europe-reinigungstag-teil\/\" \/>\n<meta property=\"og:site_name\" content=\"Club N\u00e0utic Sant Feliu de Guixols\" \/>\n<meta property=\"article:publisher\" content=\"https:\/\/www.facebook.com\/Club-N%c3%a0utic-Sant-Feliu-525823567569507\/\" \/>\n<meta property=\"article:published_time\" content=\"2021-04-27T07:08:54+00:00\" \/>\n<meta property=\"og:image\" content=\"https:\/\/cnsfg.cat\/wp-content\/uploads\/2021\/08\/CNSFG-Lets-clean-up-Europe-2021_c_IG.jpg\" \/>\n\t<meta property=\"og:image:width\" content=\"1273\" \/>\n\t<meta property=\"og:image:height\" content=\"1800\" \/>\n\t<meta property=\"og:image:type\" content=\"image\/jpeg\" \/>\n<meta name=\"author\" content=\"Muriel De Jong\" \/>\n<meta name=\"twitter:card\" content=\"summary_large_image\" \/>\n<meta name=\"twitter:creator\" content=\"@NauticSantFeliu\" \/>\n<meta name=\"twitter:site\" content=\"@NauticSantFeliu\" \/>\n<script type=\"application\/ld+json\" class=\"yoast-schema-graph\">{\"@context\":\"https:\\\/\\\/schema.org\",\"@graph\":[{\"@type\":\"Article\",\"@id\":\"https:\\\/\\\/cnsfg.cat\\\/de\\\/wir-nehmen-am-lets-clean-up-europe-reinigungstag-teil\\\/#article\",\"isPartOf\":{\"@id\":\"https:\\\/\\\/cnsfg.cat\\\/de\\\/wir-nehmen-am-lets-clean-up-europe-reinigungstag-teil\\\/\"},\"author\":{\"name\":\"Muriel De Jong\",\"@id\":\"https:\\\/\\\/cnsfg.cat\\\/de\\\/#\\\/schema\\\/person\\\/55df709ae42148f6126825d43278d2f3\"},\"headline\":\"Wir nehmen am Let&#8217;s Clean Up Europe Reinigungstag teil!\",\"datePublished\":\"2021-04-27T07:08:54+00:00\",\"mainEntityOfPage\":{\"@id\":\"https:\\\/\\\/cnsfg.cat\\\/de\\\/wir-nehmen-am-lets-clean-up-europe-reinigungstag-teil\\\/\"},\"wordCount\":233,\"commentCount\":0,\"publisher\":{\"@id\":\"https:\\\/\\\/cnsfg.cat\\\/de\\\/#organization\"},\"image\":{\"@id\":\"https:\\\/\\\/cnsfg.cat\\\/de\\\/wir-nehmen-am-lets-clean-up-europe-reinigungstag-teil\\\/#primaryimage\"},\"thumbnailUrl\":\"https:\\\/\\\/cnsfg.cat\\\/wp-content\\\/uploads\\\/2021\\\/08\\\/CNSFG-Lets-clean-up-Europe-2021_c_IG.jpg\",\"keywords\":[\"lass uns Europa aufr\u00e4umen\",\"nat\u00fcrlichen Umgebung\",\"rsc\"],\"articleSection\":[\"Umwelt und CSR\"],\"inLanguage\":\"de\",\"potentialAction\":[{\"@type\":\"CommentAction\",\"name\":\"Comment\",\"target\":[\"https:\\\/\\\/cnsfg.cat\\\/de\\\/wir-nehmen-am-lets-clean-up-europe-reinigungstag-teil\\\/#respond\"]}]},{\"@type\":\"WebPage\",\"@id\":\"https:\\\/\\\/cnsfg.cat\\\/de\\\/wir-nehmen-am-lets-clean-up-europe-reinigungstag-teil\\\/\",\"url\":\"https:\\\/\\\/cnsfg.cat\\\/de\\\/wir-nehmen-am-lets-clean-up-europe-reinigungstag-teil\\\/\",\"name\":\"Wir nehmen am Let's Clean Up Europe Reinigungstag teil! - Club N\u00e0utic Sant Feliu de Guixols\",\"isPartOf\":{\"@id\":\"https:\\\/\\\/cnsfg.cat\\\/de\\\/#website\"},\"primaryImageOfPage\":{\"@id\":\"https:\\\/\\\/cnsfg.cat\\\/de\\\/wir-nehmen-am-lets-clean-up-europe-reinigungstag-teil\\\/#primaryimage\"},\"image\":{\"@id\":\"https:\\\/\\\/cnsfg.cat\\\/de\\\/wir-nehmen-am-lets-clean-up-europe-reinigungstag-teil\\\/#primaryimage\"},\"thumbnailUrl\":\"https:\\\/\\\/cnsfg.cat\\\/wp-content\\\/uploads\\\/2021\\\/08\\\/CNSFG-Lets-clean-up-Europe-2021_c_IG.jpg\",\"datePublished\":\"2021-04-27T07:08:54+00:00\",\"breadcrumb\":{\"@id\":\"https:\\\/\\\/cnsfg.cat\\\/de\\\/wir-nehmen-am-lets-clean-up-europe-reinigungstag-teil\\\/#breadcrumb\"},\"inLanguage\":\"de\",\"potentialAction\":[{\"@type\":\"ReadAction\",\"target\":[\"https:\\\/\\\/cnsfg.cat\\\/de\\\/wir-nehmen-am-lets-clean-up-europe-reinigungstag-teil\\\/\"]}]},{\"@type\":\"ImageObject\",\"inLanguage\":\"de\",\"@id\":\"https:\\\/\\\/cnsfg.cat\\\/de\\\/wir-nehmen-am-lets-clean-up-europe-reinigungstag-teil\\\/#primaryimage\",\"url\":\"https:\\\/\\\/cnsfg.cat\\\/wp-content\\\/uploads\\\/2021\\\/08\\\/CNSFG-Lets-clean-up-Europe-2021_c_IG.jpg\",\"contentUrl\":\"https:\\\/\\\/cnsfg.cat\\\/wp-content\\\/uploads\\\/2021\\\/08\\\/CNSFG-Lets-clean-up-Europe-2021_c_IG.jpg\",\"width\":1273,\"height\":1800,\"caption\":\"CNSFG-Tag K\u00fcstenreinigung Lasst uns Europa aufr\u00e4umen\"},{\"@type\":\"BreadcrumbList\",\"@id\":\"https:\\\/\\\/cnsfg.cat\\\/de\\\/wir-nehmen-am-lets-clean-up-europe-reinigungstag-teil\\\/#breadcrumb\",\"itemListElement\":[{\"@type\":\"ListItem\",\"position\":1,\"name\":\"Portada\",\"item\":\"https:\\\/\\\/cnsfg.cat\\\/de\\\/\"},{\"@type\":\"ListItem\",\"position\":2,\"name\":\"Wir nehmen am Let&#8217;s Clean Up Europe Reinigungstag teil!\"}]},{\"@type\":\"WebSite\",\"@id\":\"https:\\\/\\\/cnsfg.cat\\\/de\\\/#website\",\"url\":\"https:\\\/\\\/cnsfg.cat\\\/de\\\/\",\"name\":\"Club N\u00e0utic Sant Feliu de Guixols\",\"description\":\"Club n\u00e0utic amb m\u00e9s de 400 amarradors a Sant Feliu de Guixols, Costa Brava.\",\"publisher\":{\"@id\":\"https:\\\/\\\/cnsfg.cat\\\/de\\\/#organization\"},\"potentialAction\":[{\"@type\":\"SearchAction\",\"target\":{\"@type\":\"EntryPoint\",\"urlTemplate\":\"https:\\\/\\\/cnsfg.cat\\\/de\\\/?s={search_term_string}\"},\"query-input\":{\"@type\":\"PropertyValueSpecification\",\"valueRequired\":true,\"valueName\":\"search_term_string\"}}],\"inLanguage\":\"de\"},{\"@type\":\"Organization\",\"@id\":\"https:\\\/\\\/cnsfg.cat\\\/de\\\/#organization\",\"name\":\"Club Na\u00f9tic Sant Feliu de Guixols\",\"url\":\"https:\\\/\\\/cnsfg.cat\\\/de\\\/\",\"logo\":{\"@type\":\"ImageObject\",\"inLanguage\":\"de\",\"@id\":\"https:\\\/\\\/cnsfg.cat\\\/de\\\/#\\\/schema\\\/logo\\\/image\\\/\",\"url\":\"https:\\\/\\\/cnsfg.cat\\\/wp-content\\\/uploads\\\/2020\\\/03\\\/LOGO_CNSFG_180.png\",\"contentUrl\":\"https:\\\/\\\/cnsfg.cat\\\/wp-content\\\/uploads\\\/2020\\\/03\\\/LOGO_CNSFG_180.png\",\"width\":180,\"height\":71,\"caption\":\"Club Na\u00f9tic Sant Feliu de Guixols\"},\"image\":{\"@id\":\"https:\\\/\\\/cnsfg.cat\\\/de\\\/#\\\/schema\\\/logo\\\/image\\\/\"},\"sameAs\":[\"https:\\\/\\\/www.facebook.com\\\/Club-N\u00e0utic-Sant-Feliu-525823567569507\\\/\",\"https:\\\/\\\/x.com\\\/NauticSantFeliu\"]},{\"@type\":\"Person\",\"@id\":\"https:\\\/\\\/cnsfg.cat\\\/de\\\/#\\\/schema\\\/person\\\/55df709ae42148f6126825d43278d2f3\",\"name\":\"Muriel De Jong\",\"image\":{\"@type\":\"ImageObject\",\"inLanguage\":\"de\",\"@id\":\"https:\\\/\\\/secure.gravatar.com\\\/avatar\\\/2c526856dc32b071bfa579fa4c5a2de001bcc4db7d16bfe78da4798d5e1f1eba?s=96&d=mm&r=g\",\"url\":\"https:\\\/\\\/secure.gravatar.com\\\/avatar\\\/2c526856dc32b071bfa579fa4c5a2de001bcc4db7d16bfe78da4798d5e1f1eba?s=96&d=mm&r=g\",\"contentUrl\":\"https:\\\/\\\/secure.gravatar.com\\\/avatar\\\/2c526856dc32b071bfa579fa4c5a2de001bcc4db7d16bfe78da4798d5e1f1eba?s=96&d=mm&r=g\",\"caption\":\"Muriel De Jong\"}}]}<\/script>\n<!-- \/ Yoast SEO plugin. -->","yoast_head_json":{"title":"Wir nehmen am Let's Clean Up Europe Reinigungstag teil! - Club N\u00e0utic Sant Feliu de Guixols","robots":{"index":"index","follow":"follow","max-snippet":"max-snippet:-1","max-image-preview":"max-image-preview:large","max-video-preview":"max-video-preview:-1"},"canonical":"https:\/\/cnsfg.cat\/de\/wir-nehmen-am-lets-clean-up-europe-reinigungstag-teil\/","og_locale":"de_DE","og_type":"article","og_title":"Wir nehmen am Let's Clean Up Europe Reinigungstag teil! - Club N\u00e0utic Sant Feliu de Guixols","og_description":"Der n\u00e4chste 8. Mai Club N\u00e0utic Sant Feliu de Gu\u00edxols nimmt am Reinigungstag teil Lasst uns Europa aufr\u00e4umen, eine gemeinsame Aktion in ganz Europa, um das Bewusstsein f\u00fcr die Menge [&hellip;]","og_url":"https:\/\/cnsfg.cat\/de\/wir-nehmen-am-lets-clean-up-europe-reinigungstag-teil\/","og_site_name":"Club N\u00e0utic Sant Feliu de Guixols","article_publisher":"https:\/\/www.facebook.com\/Club-N%c3%a0utic-Sant-Feliu-525823567569507\/","article_published_time":"2021-04-27T07:08:54+00:00","og_image":[{"width":1273,"height":1800,"url":"https:\/\/cnsfg.cat\/wp-content\/uploads\/2021\/08\/CNSFG-Lets-clean-up-Europe-2021_c_IG.jpg","type":"image\/jpeg"}],"author":"Muriel De Jong","twitter_card":"summary_large_image","twitter_creator":"@NauticSantFeliu","twitter_site":"@NauticSantFeliu","schema":{"@context":"https:\/\/schema.org","@graph":[{"@type":"Article","@id":"https:\/\/cnsfg.cat\/de\/wir-nehmen-am-lets-clean-up-europe-reinigungstag-teil\/#article","isPartOf":{"@id":"https:\/\/cnsfg.cat\/de\/wir-nehmen-am-lets-clean-up-europe-reinigungstag-teil\/"},"author":{"name":"Muriel De Jong","@id":"https:\/\/cnsfg.cat\/de\/#\/schema\/person\/55df709ae42148f6126825d43278d2f3"},"headline":"Wir nehmen am Let&#8217;s Clean Up Europe Reinigungstag teil!","datePublished":"2021-04-27T07:08:54+00:00","mainEntityOfPage":{"@id":"https:\/\/cnsfg.cat\/de\/wir-nehmen-am-lets-clean-up-europe-reinigungstag-teil\/"},"wordCount":233,"commentCount":0,"publisher":{"@id":"https:\/\/cnsfg.cat\/de\/#organization"},"image":{"@id":"https:\/\/cnsfg.cat\/de\/wir-nehmen-am-lets-clean-up-europe-reinigungstag-teil\/#primaryimage"},"thumbnailUrl":"https:\/\/cnsfg.cat\/wp-content\/uploads\/2021\/08\/CNSFG-Lets-clean-up-Europe-2021_c_IG.jpg","keywords":["lass uns Europa aufr\u00e4umen","nat\u00fcrlichen Umgebung","rsc"],"articleSection":["Umwelt und CSR"],"inLanguage":"de","potentialAction":[{"@type":"CommentAction","name":"Comment","target":["https:\/\/cnsfg.cat\/de\/wir-nehmen-am-lets-clean-up-europe-reinigungstag-teil\/#respond"]}]},{"@type":"WebPage","@id":"https:\/\/cnsfg.cat\/de\/wir-nehmen-am-lets-clean-up-europe-reinigungstag-teil\/","url":"https:\/\/cnsfg.cat\/de\/wir-nehmen-am-lets-clean-up-europe-reinigungstag-teil\/","name":"Wir nehmen am Let's Clean Up Europe Reinigungstag teil! - Club N\u00e0utic Sant Feliu de Guixols","isPartOf":{"@id":"https:\/\/cnsfg.cat\/de\/#website"},"primaryImageOfPage":{"@id":"https:\/\/cnsfg.cat\/de\/wir-nehmen-am-lets-clean-up-europe-reinigungstag-teil\/#primaryimage"},"image":{"@id":"https:\/\/cnsfg.cat\/de\/wir-nehmen-am-lets-clean-up-europe-reinigungstag-teil\/#primaryimage"},"thumbnailUrl":"https:\/\/cnsfg.cat\/wp-content\/uploads\/2021\/08\/CNSFG-Lets-clean-up-Europe-2021_c_IG.jpg","datePublished":"2021-04-27T07:08:54+00:00","breadcrumb":{"@id":"https:\/\/cnsfg.cat\/de\/wir-nehmen-am-lets-clean-up-europe-reinigungstag-teil\/#breadcrumb"},"inLanguage":"de","potentialAction":[{"@type":"ReadAction","target":["https:\/\/cnsfg.cat\/de\/wir-nehmen-am-lets-clean-up-europe-reinigungstag-teil\/"]}]},{"@type":"ImageObject","inLanguage":"de","@id":"https:\/\/cnsfg.cat\/de\/wir-nehmen-am-lets-clean-up-europe-reinigungstag-teil\/#primaryimage","url":"https:\/\/cnsfg.cat\/wp-content\/uploads\/2021\/08\/CNSFG-Lets-clean-up-Europe-2021_c_IG.jpg","contentUrl":"https:\/\/cnsfg.cat\/wp-content\/uploads\/2021\/08\/CNSFG-Lets-clean-up-Europe-2021_c_IG.jpg","width":1273,"height":1800,"caption":"CNSFG-Tag K\u00fcstenreinigung Lasst uns Europa aufr\u00e4umen"},{"@type":"BreadcrumbList","@id":"https:\/\/cnsfg.cat\/de\/wir-nehmen-am-lets-clean-up-europe-reinigungstag-teil\/#breadcrumb","itemListElement":[{"@type":"ListItem","position":1,"name":"Portada","item":"https:\/\/cnsfg.cat\/de\/"},{"@type":"ListItem","position":2,"name":"Wir nehmen am Let&#8217;s Clean Up Europe Reinigungstag teil!"}]},{"@type":"WebSite","@id":"https:\/\/cnsfg.cat\/de\/#website","url":"https:\/\/cnsfg.cat\/de\/","name":"Club N\u00e0utic Sant Feliu de Guixols","description":"Club n\u00e0utic amb m\u00e9s de 400 amarradors a Sant Feliu de Guixols, Costa Brava.","publisher":{"@id":"https:\/\/cnsfg.cat\/de\/#organization"},"potentialAction":[{"@type":"SearchAction","target":{"@type":"EntryPoint","urlTemplate":"https:\/\/cnsfg.cat\/de\/?s={search_term_string}"},"query-input":{"@type":"PropertyValueSpecification","valueRequired":true,"valueName":"search_term_string"}}],"inLanguage":"de"},{"@type":"Organization","@id":"https:\/\/cnsfg.cat\/de\/#organization","name":"Club Na\u00f9tic Sant Feliu de Guixols","url":"https:\/\/cnsfg.cat\/de\/","logo":{"@type":"ImageObject","inLanguage":"de","@id":"https:\/\/cnsfg.cat\/de\/#\/schema\/logo\/image\/","url":"https:\/\/cnsfg.cat\/wp-content\/uploads\/2020\/03\/LOGO_CNSFG_180.png","contentUrl":"https:\/\/cnsfg.cat\/wp-content\/uploads\/2020\/03\/LOGO_CNSFG_180.png","width":180,"height":71,"caption":"Club Na\u00f9tic Sant Feliu de Guixols"},"image":{"@id":"https:\/\/cnsfg.cat\/de\/#\/schema\/logo\/image\/"},"sameAs":["https:\/\/www.facebook.com\/Club-N\u00e0utic-Sant-Feliu-525823567569507\/","https:\/\/x.com\/NauticSantFeliu"]},{"@type":"Person","@id":"https:\/\/cnsfg.cat\/de\/#\/schema\/person\/55df709ae42148f6126825d43278d2f3","name":"Muriel De Jong","image":{"@type":"ImageObject","inLanguage":"de","@id":"https:\/\/secure.gravatar.com\/avatar\/2c526856dc32b071bfa579fa4c5a2de001bcc4db7d16bfe78da4798d5e1f1eba?s=96&d=mm&r=g","url":"https:\/\/secure.gravatar.com\/avatar\/2c526856dc32b071bfa579fa4c5a2de001bcc4db7d16bfe78da4798d5e1f1eba?s=96&d=mm&r=g","contentUrl":"https:\/\/secure.gravatar.com\/avatar\/2c526856dc32b071bfa579fa4c5a2de001bcc4db7d16bfe78da4798d5e1f1eba?s=96&d=mm&r=g","caption":"Muriel De Jong"}}]}},"_links":{"self":[{"href":"https:\/\/cnsfg.cat\/de\/wp-json\/wp\/v2\/posts\/351601","targetHints":{"allow":["GET"]}}],"collection":[{"href":"https:\/\/cnsfg.cat\/de\/wp-json\/wp\/v2\/posts"}],"about":[{"href":"https:\/\/cnsfg.cat\/de\/wp-json\/wp\/v2\/types\/post"}],"author":[{"embeddable":true,"href":"https:\/\/cnsfg.cat\/de\/wp-json\/wp\/v2\/users\/5"}],"replies":[{"embeddable":true,"href":"https:\/\/cnsfg.cat\/de\/wp-json\/wp\/v2\/comments?post=351601"}],"version-history":[{"count":0,"href":"https:\/\/cnsfg.cat\/de\/wp-json\/wp\/v2\/posts\/351601\/revisions"}],"wp:featuredmedia":[{"embeddable":true,"href":"https:\/\/cnsfg.cat\/de\/wp-json\/wp\/v2\/media\/348874"}],"wp:attachment":[{"href":"https:\/\/cnsfg.cat\/de\/wp-json\/wp\/v2\/media?parent=351601"}],"wp:term":[{"taxonomy":"category","embeddable":true,"href":"https:\/\/cnsfg.cat\/de\/wp-json\/wp\/v2\/categories?post=351601"},{"taxonomy":"post_tag","embeddable":true,"href":"https:\/\/cnsfg.cat\/de\/wp-json\/wp\/v2\/tags?post=351601"}],"curies":[{"name":"wp","href":"https:\/\/api.w.org\/{rel}","templated":true}]}}