{"id":375714,"date":"2022-09-13T12:05:48","date_gmt":"2022-09-13T10:05:48","guid":{"rendered":"https:\/\/cnsfg.cat\/der-sant-feliu-yacht-club-wird-gastgeber-der-ilca-master-class-spanish-championship-sein\/"},"modified":"2022-09-13T12:05:48","modified_gmt":"2022-09-13T10:05:48","slug":"der-sant-feliu-yacht-club-wird-gastgeber-der-ilca-master-class-spanish-championship-sein","status":"publish","type":"post","link":"https:\/\/cnsfg.cat\/de\/der-sant-feliu-yacht-club-wird-gastgeber-der-ilca-master-class-spanish-championship-sein\/","title":{"rendered":"Der Sant Feliu Yacht Club wird Gastgeber der ILCA Master Class Spanish Championship sein"},"content":{"rendered":"<p>Der <strong>Sant Feliu de Gu\u00edxols Yacht Club<\/strong> wird vom 15. bis 18. September Gastgeber der ILCA <a href=\"https:\/\/cnsfg.cat\/regates\/calendari\/\">Master Class Spanish Championship<\/a> sein, an der rund f\u00fcnfzig Teilnehmer ab 35 Jahren teilnehmen werden, die in f\u00fcnf Kategorien der<strong> ILCA 6- und ILCA 7-Klassen<\/strong> unterteilt sind.<strong> <\/strong> Unter den Registrierten stechen die Olympioniken Jose <strong>Luis Doreste<\/strong>, <strong>Jose Maria Van der Ploeg<\/strong> und <strong>M\u00f2nica Az\u00f3n<\/strong> hervor.<\/p>\n<p>Die Veranstaltung wird vom <a href=\"https:\/\/www.rfev.es\/\">K\u00f6niglichen Spanischen<\/a> Segelverband, dem <a href=\"https:\/\/vela.cat\/\">Katalanischen Segelverband<\/a> und dem <a href=\"https:\/\/www.laser-esp.com\/html\/es\/home.html\">spanischen Verband der ILCA-Klasse<\/a> unterst\u00fctzt.<\/p>\n<h3>Der Wettbewerb<\/h3>\n<p>Der Wettbewerb beginnt am 15. September mit der Kontrolle der Ausr\u00fcstung, der Registrierung und dem Treffen der Treuh\u00e4nder. Am 16. findet der erste Test statt und am Sonntag, den 18. findet der letzte zusammen mit dem Abschluss und der \u00dcbergabe der Troph\u00e4en statt. Insgesamt sind neun Rennen geplant, von denen mindestens zwei ausgetragen werden m\u00fcssen, damit die Meisterschaft g\u00fcltig ist.<\/p>\n<h3>Ein Club, der sich dem Segeln verschrieben hat<\/h3>\n<p>Der Sant Feliu Yacht Club sch\u00e4tzt es sehr positiv, eine nationale Sportveranstaltung dieser Eigenschaften ausrichten zu k\u00f6nnen, die es erm\u00f6glicht, die Aufgabe des Clubs fortzusetzen, das Potenzial von <strong>Sant Feliu de Gu\u00edxols<\/strong> f\u00fcr die Aus\u00fcbung des Segelsports hervorzuheben.<\/p>\n","protected":false},"excerpt":{"rendered":"<p>Der Sant Feliu de Gu\u00edxols Yacht Club wird vom 15. bis 18. September Gastgeber der ILCA Master Class Spanish Championship sein, an der rund f\u00fcnfzig Teilnehmer ab 35 Jahren teilnehmen [&hellip;]<\/p>\n","protected":false},"author":21,"featured_media":375707,"comment_status":"open","ping_status":"open","sticky":false,"template":"","format":"standard","meta":{"_et_pb_use_builder":"","_et_pb_old_content":"","_et_gb_content_width":"","footnotes":""},"categories":[287],"tags":[683,375,288],"class_list":["post-375714","post","type-post","status-publish","format-standard","has-post-thumbnail","hentry","category-regatten","tag-club-nautic-de","tag-ilca-de","tag-regatten"],"yoast_head":"<!-- This site is optimized with the Yoast SEO plugin v27.4 - https:\/\/yoast.com\/product\/yoast-seo-wordpress\/ -->\n<title>Der Sant Feliu Yacht Club wird Gastgeber der ILCA Master Class Spanish Championship sein - Club N\u00e0utic Sant Feliu de Guixols<\/title>\n<meta name=\"robots\" content=\"index, follow, max-snippet:-1, max-image-preview:large, max-video-preview:-1\" \/>\n<link rel=\"canonical\" href=\"https:\/\/cnsfg.cat\/de\/der-sant-feliu-yacht-club-wird-gastgeber-der-ilca-master-class-spanish-championship-sein\/\" \/>\n<meta property=\"og:locale\" content=\"de_DE\" \/>\n<meta property=\"og:type\" content=\"article\" \/>\n<meta property=\"og:title\" content=\"Der Sant Feliu Yacht Club wird Gastgeber der ILCA Master Class Spanish Championship sein - Club N\u00e0utic Sant Feliu de Guixols\" \/>\n<meta property=\"og:description\" content=\"Der Sant Feliu de Gu\u00edxols Yacht Club wird vom 15. bis 18. September Gastgeber der ILCA Master Class Spanish Championship sein, an der rund f\u00fcnfzig Teilnehmer ab 35 Jahren teilnehmen [&hellip;]\" \/>\n<meta property=\"og:url\" content=\"https:\/\/cnsfg.cat\/de\/der-sant-feliu-yacht-club-wird-gastgeber-der-ilca-master-class-spanish-championship-sein\/\" \/>\n<meta property=\"og:site_name\" content=\"Club N\u00e0utic Sant Feliu de Guixols\" \/>\n<meta property=\"article:publisher\" content=\"https:\/\/www.facebook.com\/Club-N%c3%a0utic-Sant-Feliu-525823567569507\/\" \/>\n<meta property=\"article:published_time\" content=\"2022-09-13T10:05:48+00:00\" \/>\n<meta property=\"og:image\" content=\"https:\/\/cnsfg.cat\/wp-content\/uploads\/2022\/09\/Campionat_ILCA_Master.jpeg\" \/>\n\t<meta property=\"og:image:width\" content=\"1600\" \/>\n\t<meta property=\"og:image:height\" content=\"1066\" \/>\n\t<meta property=\"og:image:type\" content=\"image\/jpeg\" \/>\n<meta name=\"author\" content=\"Joana Valent\" \/>\n<meta name=\"twitter:card\" content=\"summary_large_image\" \/>\n<meta name=\"twitter:creator\" content=\"@NauticSantFeliu\" \/>\n<meta name=\"twitter:site\" content=\"@NauticSantFeliu\" \/>\n<script type=\"application\/ld+json\" class=\"yoast-schema-graph\">{\"@context\":\"https:\\\/\\\/schema.org\",\"@graph\":[{\"@type\":\"Article\",\"@id\":\"https:\\\/\\\/cnsfg.cat\\\/de\\\/der-sant-feliu-yacht-club-wird-gastgeber-der-ilca-master-class-spanish-championship-sein\\\/#article\",\"isPartOf\":{\"@id\":\"https:\\\/\\\/cnsfg.cat\\\/de\\\/der-sant-feliu-yacht-club-wird-gastgeber-der-ilca-master-class-spanish-championship-sein\\\/\"},\"author\":{\"name\":\"Joana Valent\",\"@id\":\"https:\\\/\\\/cnsfg.cat\\\/de\\\/#\\\/schema\\\/person\\\/4692ae1497c51d70b33ac922e8c6c488\"},\"headline\":\"Der Sant Feliu Yacht Club wird Gastgeber der ILCA Master Class Spanish Championship sein\",\"datePublished\":\"2022-09-13T10:05:48+00:00\",\"mainEntityOfPage\":{\"@id\":\"https:\\\/\\\/cnsfg.cat\\\/de\\\/der-sant-feliu-yacht-club-wird-gastgeber-der-ilca-master-class-spanish-championship-sein\\\/\"},\"wordCount\":212,\"commentCount\":0,\"publisher\":{\"@id\":\"https:\\\/\\\/cnsfg.cat\\\/de\\\/#organization\"},\"image\":{\"@id\":\"https:\\\/\\\/cnsfg.cat\\\/de\\\/der-sant-feliu-yacht-club-wird-gastgeber-der-ilca-master-class-spanish-championship-sein\\\/#primaryimage\"},\"thumbnailUrl\":\"https:\\\/\\\/cnsfg.cat\\\/wp-content\\\/uploads\\\/2022\\\/09\\\/Campionat_ILCA_Master.jpeg\",\"keywords\":[\"club n\u00e0utic\",\"Ilca\",\"Regatten\"],\"articleSection\":[\"Regatten\"],\"inLanguage\":\"de\",\"potentialAction\":[{\"@type\":\"CommentAction\",\"name\":\"Comment\",\"target\":[\"https:\\\/\\\/cnsfg.cat\\\/de\\\/der-sant-feliu-yacht-club-wird-gastgeber-der-ilca-master-class-spanish-championship-sein\\\/#respond\"]}]},{\"@type\":\"WebPage\",\"@id\":\"https:\\\/\\\/cnsfg.cat\\\/de\\\/der-sant-feliu-yacht-club-wird-gastgeber-der-ilca-master-class-spanish-championship-sein\\\/\",\"url\":\"https:\\\/\\\/cnsfg.cat\\\/de\\\/der-sant-feliu-yacht-club-wird-gastgeber-der-ilca-master-class-spanish-championship-sein\\\/\",\"name\":\"Der Sant Feliu Yacht Club wird Gastgeber der ILCA Master Class Spanish Championship sein - Club N\u00e0utic Sant Feliu de Guixols\",\"isPartOf\":{\"@id\":\"https:\\\/\\\/cnsfg.cat\\\/de\\\/#website\"},\"primaryImageOfPage\":{\"@id\":\"https:\\\/\\\/cnsfg.cat\\\/de\\\/der-sant-feliu-yacht-club-wird-gastgeber-der-ilca-master-class-spanish-championship-sein\\\/#primaryimage\"},\"image\":{\"@id\":\"https:\\\/\\\/cnsfg.cat\\\/de\\\/der-sant-feliu-yacht-club-wird-gastgeber-der-ilca-master-class-spanish-championship-sein\\\/#primaryimage\"},\"thumbnailUrl\":\"https:\\\/\\\/cnsfg.cat\\\/wp-content\\\/uploads\\\/2022\\\/09\\\/Campionat_ILCA_Master.jpeg\",\"datePublished\":\"2022-09-13T10:05:48+00:00\",\"breadcrumb\":{\"@id\":\"https:\\\/\\\/cnsfg.cat\\\/de\\\/der-sant-feliu-yacht-club-wird-gastgeber-der-ilca-master-class-spanish-championship-sein\\\/#breadcrumb\"},\"inLanguage\":\"de\",\"potentialAction\":[{\"@type\":\"ReadAction\",\"target\":[\"https:\\\/\\\/cnsfg.cat\\\/de\\\/der-sant-feliu-yacht-club-wird-gastgeber-der-ilca-master-class-spanish-championship-sein\\\/\"]}]},{\"@type\":\"ImageObject\",\"inLanguage\":\"de\",\"@id\":\"https:\\\/\\\/cnsfg.cat\\\/de\\\/der-sant-feliu-yacht-club-wird-gastgeber-der-ilca-master-class-spanish-championship-sein\\\/#primaryimage\",\"url\":\"https:\\\/\\\/cnsfg.cat\\\/wp-content\\\/uploads\\\/2022\\\/09\\\/Campionat_ILCA_Master.jpeg\",\"contentUrl\":\"https:\\\/\\\/cnsfg.cat\\\/wp-content\\\/uploads\\\/2022\\\/09\\\/Campionat_ILCA_Master.jpeg\",\"width\":1600,\"height\":1066,\"caption\":\"Regata ILCA 2022 | Club N\u00e0utic Sant Feliu de Gu\u00edxols\"},{\"@type\":\"BreadcrumbList\",\"@id\":\"https:\\\/\\\/cnsfg.cat\\\/de\\\/der-sant-feliu-yacht-club-wird-gastgeber-der-ilca-master-class-spanish-championship-sein\\\/#breadcrumb\",\"itemListElement\":[{\"@type\":\"ListItem\",\"position\":1,\"name\":\"Portada\",\"item\":\"https:\\\/\\\/cnsfg.cat\\\/de\\\/\"},{\"@type\":\"ListItem\",\"position\":2,\"name\":\"Der Sant Feliu Yacht Club wird Gastgeber der ILCA Master Class Spanish Championship sein\"}]},{\"@type\":\"WebSite\",\"@id\":\"https:\\\/\\\/cnsfg.cat\\\/de\\\/#website\",\"url\":\"https:\\\/\\\/cnsfg.cat\\\/de\\\/\",\"name\":\"Club N\u00e0utic Sant Feliu de Guixols\",\"description\":\"Club n\u00e0utic amb m\u00e9s de 400 amarradors a Sant Feliu de Guixols, Costa Brava.\",\"publisher\":{\"@id\":\"https:\\\/\\\/cnsfg.cat\\\/de\\\/#organization\"},\"potentialAction\":[{\"@type\":\"SearchAction\",\"target\":{\"@type\":\"EntryPoint\",\"urlTemplate\":\"https:\\\/\\\/cnsfg.cat\\\/de\\\/?s={search_term_string}\"},\"query-input\":{\"@type\":\"PropertyValueSpecification\",\"valueRequired\":true,\"valueName\":\"search_term_string\"}}],\"inLanguage\":\"de\"},{\"@type\":\"Organization\",\"@id\":\"https:\\\/\\\/cnsfg.cat\\\/de\\\/#organization\",\"name\":\"Club Na\u00f9tic Sant Feliu de Guixols\",\"url\":\"https:\\\/\\\/cnsfg.cat\\\/de\\\/\",\"logo\":{\"@type\":\"ImageObject\",\"inLanguage\":\"de\",\"@id\":\"https:\\\/\\\/cnsfg.cat\\\/de\\\/#\\\/schema\\\/logo\\\/image\\\/\",\"url\":\"https:\\\/\\\/cnsfg.cat\\\/wp-content\\\/uploads\\\/2020\\\/03\\\/LOGO_CNSFG_180.png\",\"contentUrl\":\"https:\\\/\\\/cnsfg.cat\\\/wp-content\\\/uploads\\\/2020\\\/03\\\/LOGO_CNSFG_180.png\",\"width\":180,\"height\":71,\"caption\":\"Club Na\u00f9tic Sant Feliu de Guixols\"},\"image\":{\"@id\":\"https:\\\/\\\/cnsfg.cat\\\/de\\\/#\\\/schema\\\/logo\\\/image\\\/\"},\"sameAs\":[\"https:\\\/\\\/www.facebook.com\\\/Club-N\u00e0utic-Sant-Feliu-525823567569507\\\/\",\"https:\\\/\\\/x.com\\\/NauticSantFeliu\"]},{\"@type\":\"Person\",\"@id\":\"https:\\\/\\\/cnsfg.cat\\\/de\\\/#\\\/schema\\\/person\\\/4692ae1497c51d70b33ac922e8c6c488\",\"name\":\"Joana Valent\",\"image\":{\"@type\":\"ImageObject\",\"inLanguage\":\"de\",\"@id\":\"https:\\\/\\\/secure.gravatar.com\\\/avatar\\\/5f78539fa1bea92ad6051500b1db1b0b36a8ee6743e42e6d8515ef5eee33904b?s=96&d=mm&r=g\",\"url\":\"https:\\\/\\\/secure.gravatar.com\\\/avatar\\\/5f78539fa1bea92ad6051500b1db1b0b36a8ee6743e42e6d8515ef5eee33904b?s=96&d=mm&r=g\",\"contentUrl\":\"https:\\\/\\\/secure.gravatar.com\\\/avatar\\\/5f78539fa1bea92ad6051500b1db1b0b36a8ee6743e42e6d8515ef5eee33904b?s=96&d=mm&r=g\",\"caption\":\"Joana Valent\"}}]}<\/script>\n<!-- \/ Yoast SEO plugin. -->","yoast_head_json":{"title":"Der Sant Feliu Yacht Club wird Gastgeber der ILCA Master Class Spanish Championship sein - Club N\u00e0utic Sant Feliu de Guixols","robots":{"index":"index","follow":"follow","max-snippet":"max-snippet:-1","max-image-preview":"max-image-preview:large","max-video-preview":"max-video-preview:-1"},"canonical":"https:\/\/cnsfg.cat\/de\/der-sant-feliu-yacht-club-wird-gastgeber-der-ilca-master-class-spanish-championship-sein\/","og_locale":"de_DE","og_type":"article","og_title":"Der Sant Feliu Yacht Club wird Gastgeber der ILCA Master Class Spanish Championship sein - Club N\u00e0utic Sant Feliu de Guixols","og_description":"Der Sant Feliu de Gu\u00edxols Yacht Club wird vom 15. bis 18. September Gastgeber der ILCA Master Class Spanish Championship sein, an der rund f\u00fcnfzig Teilnehmer ab 35 Jahren teilnehmen [&hellip;]","og_url":"https:\/\/cnsfg.cat\/de\/der-sant-feliu-yacht-club-wird-gastgeber-der-ilca-master-class-spanish-championship-sein\/","og_site_name":"Club N\u00e0utic Sant Feliu de Guixols","article_publisher":"https:\/\/www.facebook.com\/Club-N%c3%a0utic-Sant-Feliu-525823567569507\/","article_published_time":"2022-09-13T10:05:48+00:00","og_image":[{"width":1600,"height":1066,"url":"https:\/\/cnsfg.cat\/wp-content\/uploads\/2022\/09\/Campionat_ILCA_Master.jpeg","type":"image\/jpeg"}],"author":"Joana Valent","twitter_card":"summary_large_image","twitter_creator":"@NauticSantFeliu","twitter_site":"@NauticSantFeliu","schema":{"@context":"https:\/\/schema.org","@graph":[{"@type":"Article","@id":"https:\/\/cnsfg.cat\/de\/der-sant-feliu-yacht-club-wird-gastgeber-der-ilca-master-class-spanish-championship-sein\/#article","isPartOf":{"@id":"https:\/\/cnsfg.cat\/de\/der-sant-feliu-yacht-club-wird-gastgeber-der-ilca-master-class-spanish-championship-sein\/"},"author":{"name":"Joana Valent","@id":"https:\/\/cnsfg.cat\/de\/#\/schema\/person\/4692ae1497c51d70b33ac922e8c6c488"},"headline":"Der Sant Feliu Yacht Club wird Gastgeber der ILCA Master Class Spanish Championship sein","datePublished":"2022-09-13T10:05:48+00:00","mainEntityOfPage":{"@id":"https:\/\/cnsfg.cat\/de\/der-sant-feliu-yacht-club-wird-gastgeber-der-ilca-master-class-spanish-championship-sein\/"},"wordCount":212,"commentCount":0,"publisher":{"@id":"https:\/\/cnsfg.cat\/de\/#organization"},"image":{"@id":"https:\/\/cnsfg.cat\/de\/der-sant-feliu-yacht-club-wird-gastgeber-der-ilca-master-class-spanish-championship-sein\/#primaryimage"},"thumbnailUrl":"https:\/\/cnsfg.cat\/wp-content\/uploads\/2022\/09\/Campionat_ILCA_Master.jpeg","keywords":["club n\u00e0utic","Ilca","Regatten"],"articleSection":["Regatten"],"inLanguage":"de","potentialAction":[{"@type":"CommentAction","name":"Comment","target":["https:\/\/cnsfg.cat\/de\/der-sant-feliu-yacht-club-wird-gastgeber-der-ilca-master-class-spanish-championship-sein\/#respond"]}]},{"@type":"WebPage","@id":"https:\/\/cnsfg.cat\/de\/der-sant-feliu-yacht-club-wird-gastgeber-der-ilca-master-class-spanish-championship-sein\/","url":"https:\/\/cnsfg.cat\/de\/der-sant-feliu-yacht-club-wird-gastgeber-der-ilca-master-class-spanish-championship-sein\/","name":"Der Sant Feliu Yacht Club wird Gastgeber der ILCA Master Class Spanish Championship sein - Club N\u00e0utic Sant Feliu de Guixols","isPartOf":{"@id":"https:\/\/cnsfg.cat\/de\/#website"},"primaryImageOfPage":{"@id":"https:\/\/cnsfg.cat\/de\/der-sant-feliu-yacht-club-wird-gastgeber-der-ilca-master-class-spanish-championship-sein\/#primaryimage"},"image":{"@id":"https:\/\/cnsfg.cat\/de\/der-sant-feliu-yacht-club-wird-gastgeber-der-ilca-master-class-spanish-championship-sein\/#primaryimage"},"thumbnailUrl":"https:\/\/cnsfg.cat\/wp-content\/uploads\/2022\/09\/Campionat_ILCA_Master.jpeg","datePublished":"2022-09-13T10:05:48+00:00","breadcrumb":{"@id":"https:\/\/cnsfg.cat\/de\/der-sant-feliu-yacht-club-wird-gastgeber-der-ilca-master-class-spanish-championship-sein\/#breadcrumb"},"inLanguage":"de","potentialAction":[{"@type":"ReadAction","target":["https:\/\/cnsfg.cat\/de\/der-sant-feliu-yacht-club-wird-gastgeber-der-ilca-master-class-spanish-championship-sein\/"]}]},{"@type":"ImageObject","inLanguage":"de","@id":"https:\/\/cnsfg.cat\/de\/der-sant-feliu-yacht-club-wird-gastgeber-der-ilca-master-class-spanish-championship-sein\/#primaryimage","url":"https:\/\/cnsfg.cat\/wp-content\/uploads\/2022\/09\/Campionat_ILCA_Master.jpeg","contentUrl":"https:\/\/cnsfg.cat\/wp-content\/uploads\/2022\/09\/Campionat_ILCA_Master.jpeg","width":1600,"height":1066,"caption":"Regata ILCA 2022 | Club N\u00e0utic Sant Feliu de Gu\u00edxols"},{"@type":"BreadcrumbList","@id":"https:\/\/cnsfg.cat\/de\/der-sant-feliu-yacht-club-wird-gastgeber-der-ilca-master-class-spanish-championship-sein\/#breadcrumb","itemListElement":[{"@type":"ListItem","position":1,"name":"Portada","item":"https:\/\/cnsfg.cat\/de\/"},{"@type":"ListItem","position":2,"name":"Der Sant Feliu Yacht Club wird Gastgeber der ILCA Master Class Spanish Championship sein"}]},{"@type":"WebSite","@id":"https:\/\/cnsfg.cat\/de\/#website","url":"https:\/\/cnsfg.cat\/de\/","name":"Club N\u00e0utic Sant Feliu de Guixols","description":"Club n\u00e0utic amb m\u00e9s de 400 amarradors a Sant Feliu de Guixols, Costa Brava.","publisher":{"@id":"https:\/\/cnsfg.cat\/de\/#organization"},"potentialAction":[{"@type":"SearchAction","target":{"@type":"EntryPoint","urlTemplate":"https:\/\/cnsfg.cat\/de\/?s={search_term_string}"},"query-input":{"@type":"PropertyValueSpecification","valueRequired":true,"valueName":"search_term_string"}}],"inLanguage":"de"},{"@type":"Organization","@id":"https:\/\/cnsfg.cat\/de\/#organization","name":"Club Na\u00f9tic Sant Feliu de Guixols","url":"https:\/\/cnsfg.cat\/de\/","logo":{"@type":"ImageObject","inLanguage":"de","@id":"https:\/\/cnsfg.cat\/de\/#\/schema\/logo\/image\/","url":"https:\/\/cnsfg.cat\/wp-content\/uploads\/2020\/03\/LOGO_CNSFG_180.png","contentUrl":"https:\/\/cnsfg.cat\/wp-content\/uploads\/2020\/03\/LOGO_CNSFG_180.png","width":180,"height":71,"caption":"Club Na\u00f9tic Sant Feliu de Guixols"},"image":{"@id":"https:\/\/cnsfg.cat\/de\/#\/schema\/logo\/image\/"},"sameAs":["https:\/\/www.facebook.com\/Club-N\u00e0utic-Sant-Feliu-525823567569507\/","https:\/\/x.com\/NauticSantFeliu"]},{"@type":"Person","@id":"https:\/\/cnsfg.cat\/de\/#\/schema\/person\/4692ae1497c51d70b33ac922e8c6c488","name":"Joana Valent","image":{"@type":"ImageObject","inLanguage":"de","@id":"https:\/\/secure.gravatar.com\/avatar\/5f78539fa1bea92ad6051500b1db1b0b36a8ee6743e42e6d8515ef5eee33904b?s=96&d=mm&r=g","url":"https:\/\/secure.gravatar.com\/avatar\/5f78539fa1bea92ad6051500b1db1b0b36a8ee6743e42e6d8515ef5eee33904b?s=96&d=mm&r=g","contentUrl":"https:\/\/secure.gravatar.com\/avatar\/5f78539fa1bea92ad6051500b1db1b0b36a8ee6743e42e6d8515ef5eee33904b?s=96&d=mm&r=g","caption":"Joana Valent"}}]}},"_links":{"self":[{"href":"https:\/\/cnsfg.cat\/de\/wp-json\/wp\/v2\/posts\/375714","targetHints":{"allow":["GET"]}}],"collection":[{"href":"https:\/\/cnsfg.cat\/de\/wp-json\/wp\/v2\/posts"}],"about":[{"href":"https:\/\/cnsfg.cat\/de\/wp-json\/wp\/v2\/types\/post"}],"author":[{"embeddable":true,"href":"https:\/\/cnsfg.cat\/de\/wp-json\/wp\/v2\/users\/21"}],"replies":[{"embeddable":true,"href":"https:\/\/cnsfg.cat\/de\/wp-json\/wp\/v2\/comments?post=375714"}],"version-history":[{"count":0,"href":"https:\/\/cnsfg.cat\/de\/wp-json\/wp\/v2\/posts\/375714\/revisions"}],"wp:featuredmedia":[{"embeddable":true,"href":"https:\/\/cnsfg.cat\/de\/wp-json\/wp\/v2\/media\/375707"}],"wp:attachment":[{"href":"https:\/\/cnsfg.cat\/de\/wp-json\/wp\/v2\/media?parent=375714"}],"wp:term":[{"taxonomy":"category","embeddable":true,"href":"https:\/\/cnsfg.cat\/de\/wp-json\/wp\/v2\/categories?post=375714"},{"taxonomy":"post_tag","embeddable":true,"href":"https:\/\/cnsfg.cat\/de\/wp-json\/wp\/v2\/tags?post=375714"}],"curies":[{"name":"wp","href":"https:\/\/api.w.org\/{rel}","templated":true}]}}