{"id":380758,"date":"2023-06-21T14:32:49","date_gmt":"2023-06-21T12:32:49","guid":{"rendered":"https:\/\/cnsfg.cat\/am-1-juli-solidaritaetskonzert-mit-porfinviernes\/"},"modified":"2023-06-21T14:32:49","modified_gmt":"2023-06-21T12:32:49","slug":"am-1-juli-solidaritaetskonzert-mit-porfinviernes","status":"publish","type":"post","link":"https:\/\/cnsfg.cat\/de\/am-1-juli-solidaritaetskonzert-mit-porfinviernes\/","title":{"rendered":"Am 1. Juli Solidarit\u00e4tskonzert mit PorFinViernes"},"content":{"rendered":"<p><img loading=\"lazy\" decoding=\"async\" class=\"size-medium wp-image-380746 alignleft\" src=\"https:\/\/cnsfg.cat\/wp-content\/uploads\/2023\/06\/cartell-concert-solidari-1-212x300.jpg\" alt=\"\" width=\"212\" height=\"300\"><\/p>\n<p>Am Samstag, den 1. Juli, organisiert der <a href=\"http:\/\/www.cnsfg.cat\">Club N\u00e1utico Sant Feliu<\/a> ein Solidarit\u00e4tskonzert in der <a href=\"https:\/\/goo.gl\/maps\/R1WyEqfTtT9VytKm8\">Sala Las Vegas<\/a>. Es wird ein<strong> Konzert mit Musik aus den 80er, 90er und 2000er Jahren mit der<\/strong> <strong>solidarischen Musikgruppe <a href=\"http:\/\/www.porfinviernes.es\/\">PorFinViernes<\/a><\/strong> sein, das um 23:30 Uhr beginnt. Nach dem Auftritt geht die Party ab 01:00 Uhr mit einem DJ weiter.<\/p>\n<p>Tickets k\u00f6nnen am Tag des Konzerts an der Abendkasse in Las Vegas erworben werden. Der Erl\u00f6s des Konzerts geht an die <a href=\"https:\/\/fundaciotresc.org\/\">TRESC Foundation<\/a>, die sich f\u00fcr die sozial-berufliche Inklusion von Menschen mit Behinderungen und psychischen Problemen einsetzt.<\/p>\n<h3>Schwarz &amp; Wei\u00df Wohlt\u00e4tigkeitsparty<\/h3>\n<p>Das Benefizkonzert von PorFinViernes wird das i-T\u00fcpfelchen des Blanc &amp; Negre Solidarity Festivals sein, dem gesellschaftlichen Ereignis, das j\u00e4hrlich den Sommer im Yachtclub Sant Feliu einl\u00e4utet.<\/p>\n","protected":false},"excerpt":{"rendered":"<p>Am Samstag, den 1. Juli, organisiert der Club N\u00e1utico Sant Feliu ein Solidarit\u00e4tskonzert in der Sala Las Vegas. Es wird ein Konzert mit Musik aus den 80er, 90er und 2000er [&hellip;]<\/p>\n","protected":false},"author":21,"featured_media":380749,"comment_status":"closed","ping_status":"closed","sticky":false,"template":"","format":"standard","meta":{"_et_pb_use_builder":"","_et_pb_old_content":"","_et_gb_content_width":"","footnotes":""},"categories":[323],"tags":[1058,1059,1057],"class_list":["post-380758","post","type-post","status-publish","format-standard","has-post-thumbnail","hentry","category-aktivitaten","tag-konzert","tag-musik","tag-solidaritat-de"],"yoast_head":"<!-- This site is optimized with the Yoast SEO plugin v27.5 - https:\/\/yoast.com\/product\/yoast-seo-wordpress\/ -->\n<title>Am 1. Juli Solidarit\u00e4tskonzert mit PorFinViernes - Club N\u00e0utic Sant Feliu de Guixols<\/title>\n<meta name=\"robots\" content=\"index, follow, max-snippet:-1, max-image-preview:large, max-video-preview:-1\" \/>\n<link rel=\"canonical\" href=\"https:\/\/cnsfg.cat\/de\/am-1-juli-solidaritaetskonzert-mit-porfinviernes\/\" \/>\n<meta property=\"og:locale\" content=\"de_DE\" \/>\n<meta property=\"og:type\" content=\"article\" \/>\n<meta property=\"og:title\" content=\"Am 1. Juli Solidarit\u00e4tskonzert mit PorFinViernes - Club N\u00e0utic Sant Feliu de Guixols\" \/>\n<meta property=\"og:description\" content=\"Am Samstag, den 1. Juli, organisiert der Club N\u00e1utico Sant Feliu ein Solidarit\u00e4tskonzert in der Sala Las Vegas. Es wird ein Konzert mit Musik aus den 80er, 90er und 2000er [&hellip;]\" \/>\n<meta property=\"og:url\" content=\"https:\/\/cnsfg.cat\/de\/am-1-juli-solidaritaetskonzert-mit-porfinviernes\/\" \/>\n<meta property=\"og:site_name\" content=\"Club N\u00e0utic Sant Feliu de Guixols\" \/>\n<meta property=\"article:publisher\" content=\"https:\/\/www.facebook.com\/Club-N%c3%a0utic-Sant-Feliu-525823567569507\/\" \/>\n<meta property=\"article:published_time\" content=\"2023-06-21T12:32:49+00:00\" \/>\n<meta property=\"og:image\" content=\"https:\/\/cnsfg.cat\/wp-content\/uploads\/2023\/06\/cartell-concert-solidari-1-725x1024.jpg\" \/>\n\t<meta property=\"og:image:width\" content=\"725\" \/>\n\t<meta property=\"og:image:height\" content=\"1024\" \/>\n\t<meta property=\"og:image:type\" content=\"image\/jpeg\" \/>\n<meta name=\"author\" content=\"Joana Valent\" \/>\n<meta name=\"twitter:card\" content=\"summary_large_image\" \/>\n<meta name=\"twitter:creator\" content=\"@NauticSantFeliu\" \/>\n<meta name=\"twitter:site\" content=\"@NauticSantFeliu\" \/>\n<script type=\"application\/ld+json\" class=\"yoast-schema-graph\">{\"@context\":\"https:\\\/\\\/schema.org\",\"@graph\":[{\"@type\":\"Article\",\"@id\":\"https:\\\/\\\/cnsfg.cat\\\/de\\\/am-1-juli-solidaritaetskonzert-mit-porfinviernes\\\/#article\",\"isPartOf\":{\"@id\":\"https:\\\/\\\/cnsfg.cat\\\/de\\\/am-1-juli-solidaritaetskonzert-mit-porfinviernes\\\/\"},\"author\":{\"name\":\"Joana Valent\",\"@id\":\"https:\\\/\\\/cnsfg.cat\\\/de\\\/#\\\/schema\\\/person\\\/4692ae1497c51d70b33ac922e8c6c488\"},\"headline\":\"Am 1. Juli Solidarit\u00e4tskonzert mit PorFinViernes\",\"datePublished\":\"2023-06-21T12:32:49+00:00\",\"mainEntityOfPage\":{\"@id\":\"https:\\\/\\\/cnsfg.cat\\\/de\\\/am-1-juli-solidaritaetskonzert-mit-porfinviernes\\\/\"},\"wordCount\":134,\"publisher\":{\"@id\":\"https:\\\/\\\/cnsfg.cat\\\/de\\\/#organization\"},\"image\":{\"@id\":\"https:\\\/\\\/cnsfg.cat\\\/de\\\/am-1-juli-solidaritaetskonzert-mit-porfinviernes\\\/#primaryimage\"},\"thumbnailUrl\":\"https:\\\/\\\/cnsfg.cat\\\/wp-content\\\/uploads\\\/2023\\\/06\\\/cartell-concert-solidari-1.jpg\",\"keywords\":[\"Konzert\",\"Musik\",\"Solidarit\u00e4t\"],\"articleSection\":[\"Aktivit\u00e4ten\"],\"inLanguage\":\"de\"},{\"@type\":\"WebPage\",\"@id\":\"https:\\\/\\\/cnsfg.cat\\\/de\\\/am-1-juli-solidaritaetskonzert-mit-porfinviernes\\\/\",\"url\":\"https:\\\/\\\/cnsfg.cat\\\/de\\\/am-1-juli-solidaritaetskonzert-mit-porfinviernes\\\/\",\"name\":\"Am 1. Juli Solidarit\u00e4tskonzert mit PorFinViernes - Club N\u00e0utic Sant Feliu de Guixols\",\"isPartOf\":{\"@id\":\"https:\\\/\\\/cnsfg.cat\\\/de\\\/#website\"},\"primaryImageOfPage\":{\"@id\":\"https:\\\/\\\/cnsfg.cat\\\/de\\\/am-1-juli-solidaritaetskonzert-mit-porfinviernes\\\/#primaryimage\"},\"image\":{\"@id\":\"https:\\\/\\\/cnsfg.cat\\\/de\\\/am-1-juli-solidaritaetskonzert-mit-porfinviernes\\\/#primaryimage\"},\"thumbnailUrl\":\"https:\\\/\\\/cnsfg.cat\\\/wp-content\\\/uploads\\\/2023\\\/06\\\/cartell-concert-solidari-1.jpg\",\"datePublished\":\"2023-06-21T12:32:49+00:00\",\"breadcrumb\":{\"@id\":\"https:\\\/\\\/cnsfg.cat\\\/de\\\/am-1-juli-solidaritaetskonzert-mit-porfinviernes\\\/#breadcrumb\"},\"inLanguage\":\"de\",\"potentialAction\":[{\"@type\":\"ReadAction\",\"target\":[\"https:\\\/\\\/cnsfg.cat\\\/de\\\/am-1-juli-solidaritaetskonzert-mit-porfinviernes\\\/\"]}]},{\"@type\":\"ImageObject\",\"inLanguage\":\"de\",\"@id\":\"https:\\\/\\\/cnsfg.cat\\\/de\\\/am-1-juli-solidaritaetskonzert-mit-porfinviernes\\\/#primaryimage\",\"url\":\"https:\\\/\\\/cnsfg.cat\\\/wp-content\\\/uploads\\\/2023\\\/06\\\/cartell-concert-solidari-1.jpg\",\"contentUrl\":\"https:\\\/\\\/cnsfg.cat\\\/wp-content\\\/uploads\\\/2023\\\/06\\\/cartell-concert-solidari-1.jpg\",\"width\":1755,\"height\":2480},{\"@type\":\"BreadcrumbList\",\"@id\":\"https:\\\/\\\/cnsfg.cat\\\/de\\\/am-1-juli-solidaritaetskonzert-mit-porfinviernes\\\/#breadcrumb\",\"itemListElement\":[{\"@type\":\"ListItem\",\"position\":1,\"name\":\"Portada\",\"item\":\"https:\\\/\\\/cnsfg.cat\\\/de\\\/\"},{\"@type\":\"ListItem\",\"position\":2,\"name\":\"Am 1. Juli Solidarit\u00e4tskonzert mit PorFinViernes\"}]},{\"@type\":\"WebSite\",\"@id\":\"https:\\\/\\\/cnsfg.cat\\\/de\\\/#website\",\"url\":\"https:\\\/\\\/cnsfg.cat\\\/de\\\/\",\"name\":\"Club N\u00e0utic Sant Feliu de Guixols\",\"description\":\"Club n\u00e0utic amb m\u00e9s de 400 amarradors a Sant Feliu de Guixols, Costa Brava.\",\"publisher\":{\"@id\":\"https:\\\/\\\/cnsfg.cat\\\/de\\\/#organization\"},\"potentialAction\":[{\"@type\":\"SearchAction\",\"target\":{\"@type\":\"EntryPoint\",\"urlTemplate\":\"https:\\\/\\\/cnsfg.cat\\\/de\\\/?s={search_term_string}\"},\"query-input\":{\"@type\":\"PropertyValueSpecification\",\"valueRequired\":true,\"valueName\":\"search_term_string\"}}],\"inLanguage\":\"de\"},{\"@type\":\"Organization\",\"@id\":\"https:\\\/\\\/cnsfg.cat\\\/de\\\/#organization\",\"name\":\"Club Na\u00f9tic Sant Feliu de Guixols\",\"url\":\"https:\\\/\\\/cnsfg.cat\\\/de\\\/\",\"logo\":{\"@type\":\"ImageObject\",\"inLanguage\":\"de\",\"@id\":\"https:\\\/\\\/cnsfg.cat\\\/de\\\/#\\\/schema\\\/logo\\\/image\\\/\",\"url\":\"https:\\\/\\\/cnsfg.cat\\\/wp-content\\\/uploads\\\/2020\\\/03\\\/LOGO_CNSFG_180.png\",\"contentUrl\":\"https:\\\/\\\/cnsfg.cat\\\/wp-content\\\/uploads\\\/2020\\\/03\\\/LOGO_CNSFG_180.png\",\"width\":180,\"height\":71,\"caption\":\"Club Na\u00f9tic Sant Feliu de Guixols\"},\"image\":{\"@id\":\"https:\\\/\\\/cnsfg.cat\\\/de\\\/#\\\/schema\\\/logo\\\/image\\\/\"},\"sameAs\":[\"https:\\\/\\\/www.facebook.com\\\/Club-N\u00e0utic-Sant-Feliu-525823567569507\\\/\",\"https:\\\/\\\/x.com\\\/NauticSantFeliu\"]},{\"@type\":\"Person\",\"@id\":\"https:\\\/\\\/cnsfg.cat\\\/de\\\/#\\\/schema\\\/person\\\/4692ae1497c51d70b33ac922e8c6c488\",\"name\":\"Joana Valent\",\"image\":{\"@type\":\"ImageObject\",\"inLanguage\":\"de\",\"@id\":\"https:\\\/\\\/secure.gravatar.com\\\/avatar\\\/5f78539fa1bea92ad6051500b1db1b0b36a8ee6743e42e6d8515ef5eee33904b?s=96&d=mm&r=g\",\"url\":\"https:\\\/\\\/secure.gravatar.com\\\/avatar\\\/5f78539fa1bea92ad6051500b1db1b0b36a8ee6743e42e6d8515ef5eee33904b?s=96&d=mm&r=g\",\"contentUrl\":\"https:\\\/\\\/secure.gravatar.com\\\/avatar\\\/5f78539fa1bea92ad6051500b1db1b0b36a8ee6743e42e6d8515ef5eee33904b?s=96&d=mm&r=g\",\"caption\":\"Joana Valent\"}}]}<\/script>\n<!-- \/ Yoast SEO plugin. -->","yoast_head_json":{"title":"Am 1. Juli Solidarit\u00e4tskonzert mit PorFinViernes - Club N\u00e0utic Sant Feliu de Guixols","robots":{"index":"index","follow":"follow","max-snippet":"max-snippet:-1","max-image-preview":"max-image-preview:large","max-video-preview":"max-video-preview:-1"},"canonical":"https:\/\/cnsfg.cat\/de\/am-1-juli-solidaritaetskonzert-mit-porfinviernes\/","og_locale":"de_DE","og_type":"article","og_title":"Am 1. Juli Solidarit\u00e4tskonzert mit PorFinViernes - Club N\u00e0utic Sant Feliu de Guixols","og_description":"Am Samstag, den 1. Juli, organisiert der Club N\u00e1utico Sant Feliu ein Solidarit\u00e4tskonzert in der Sala Las Vegas. Es wird ein Konzert mit Musik aus den 80er, 90er und 2000er [&hellip;]","og_url":"https:\/\/cnsfg.cat\/de\/am-1-juli-solidaritaetskonzert-mit-porfinviernes\/","og_site_name":"Club N\u00e0utic Sant Feliu de Guixols","article_publisher":"https:\/\/www.facebook.com\/Club-N%c3%a0utic-Sant-Feliu-525823567569507\/","article_published_time":"2023-06-21T12:32:49+00:00","og_image":[{"width":725,"height":1024,"url":"https:\/\/cnsfg.cat\/wp-content\/uploads\/2023\/06\/cartell-concert-solidari-1-725x1024.jpg","type":"image\/jpeg"}],"author":"Joana Valent","twitter_card":"summary_large_image","twitter_creator":"@NauticSantFeliu","twitter_site":"@NauticSantFeliu","schema":{"@context":"https:\/\/schema.org","@graph":[{"@type":"Article","@id":"https:\/\/cnsfg.cat\/de\/am-1-juli-solidaritaetskonzert-mit-porfinviernes\/#article","isPartOf":{"@id":"https:\/\/cnsfg.cat\/de\/am-1-juli-solidaritaetskonzert-mit-porfinviernes\/"},"author":{"name":"Joana Valent","@id":"https:\/\/cnsfg.cat\/de\/#\/schema\/person\/4692ae1497c51d70b33ac922e8c6c488"},"headline":"Am 1. Juli Solidarit\u00e4tskonzert mit PorFinViernes","datePublished":"2023-06-21T12:32:49+00:00","mainEntityOfPage":{"@id":"https:\/\/cnsfg.cat\/de\/am-1-juli-solidaritaetskonzert-mit-porfinviernes\/"},"wordCount":134,"publisher":{"@id":"https:\/\/cnsfg.cat\/de\/#organization"},"image":{"@id":"https:\/\/cnsfg.cat\/de\/am-1-juli-solidaritaetskonzert-mit-porfinviernes\/#primaryimage"},"thumbnailUrl":"https:\/\/cnsfg.cat\/wp-content\/uploads\/2023\/06\/cartell-concert-solidari-1.jpg","keywords":["Konzert","Musik","Solidarit\u00e4t"],"articleSection":["Aktivit\u00e4ten"],"inLanguage":"de"},{"@type":"WebPage","@id":"https:\/\/cnsfg.cat\/de\/am-1-juli-solidaritaetskonzert-mit-porfinviernes\/","url":"https:\/\/cnsfg.cat\/de\/am-1-juli-solidaritaetskonzert-mit-porfinviernes\/","name":"Am 1. Juli Solidarit\u00e4tskonzert mit PorFinViernes - Club N\u00e0utic Sant Feliu de Guixols","isPartOf":{"@id":"https:\/\/cnsfg.cat\/de\/#website"},"primaryImageOfPage":{"@id":"https:\/\/cnsfg.cat\/de\/am-1-juli-solidaritaetskonzert-mit-porfinviernes\/#primaryimage"},"image":{"@id":"https:\/\/cnsfg.cat\/de\/am-1-juli-solidaritaetskonzert-mit-porfinviernes\/#primaryimage"},"thumbnailUrl":"https:\/\/cnsfg.cat\/wp-content\/uploads\/2023\/06\/cartell-concert-solidari-1.jpg","datePublished":"2023-06-21T12:32:49+00:00","breadcrumb":{"@id":"https:\/\/cnsfg.cat\/de\/am-1-juli-solidaritaetskonzert-mit-porfinviernes\/#breadcrumb"},"inLanguage":"de","potentialAction":[{"@type":"ReadAction","target":["https:\/\/cnsfg.cat\/de\/am-1-juli-solidaritaetskonzert-mit-porfinviernes\/"]}]},{"@type":"ImageObject","inLanguage":"de","@id":"https:\/\/cnsfg.cat\/de\/am-1-juli-solidaritaetskonzert-mit-porfinviernes\/#primaryimage","url":"https:\/\/cnsfg.cat\/wp-content\/uploads\/2023\/06\/cartell-concert-solidari-1.jpg","contentUrl":"https:\/\/cnsfg.cat\/wp-content\/uploads\/2023\/06\/cartell-concert-solidari-1.jpg","width":1755,"height":2480},{"@type":"BreadcrumbList","@id":"https:\/\/cnsfg.cat\/de\/am-1-juli-solidaritaetskonzert-mit-porfinviernes\/#breadcrumb","itemListElement":[{"@type":"ListItem","position":1,"name":"Portada","item":"https:\/\/cnsfg.cat\/de\/"},{"@type":"ListItem","position":2,"name":"Am 1. Juli Solidarit\u00e4tskonzert mit PorFinViernes"}]},{"@type":"WebSite","@id":"https:\/\/cnsfg.cat\/de\/#website","url":"https:\/\/cnsfg.cat\/de\/","name":"Club N\u00e0utic Sant Feliu de Guixols","description":"Club n\u00e0utic amb m\u00e9s de 400 amarradors a Sant Feliu de Guixols, Costa Brava.","publisher":{"@id":"https:\/\/cnsfg.cat\/de\/#organization"},"potentialAction":[{"@type":"SearchAction","target":{"@type":"EntryPoint","urlTemplate":"https:\/\/cnsfg.cat\/de\/?s={search_term_string}"},"query-input":{"@type":"PropertyValueSpecification","valueRequired":true,"valueName":"search_term_string"}}],"inLanguage":"de"},{"@type":"Organization","@id":"https:\/\/cnsfg.cat\/de\/#organization","name":"Club Na\u00f9tic Sant Feliu de Guixols","url":"https:\/\/cnsfg.cat\/de\/","logo":{"@type":"ImageObject","inLanguage":"de","@id":"https:\/\/cnsfg.cat\/de\/#\/schema\/logo\/image\/","url":"https:\/\/cnsfg.cat\/wp-content\/uploads\/2020\/03\/LOGO_CNSFG_180.png","contentUrl":"https:\/\/cnsfg.cat\/wp-content\/uploads\/2020\/03\/LOGO_CNSFG_180.png","width":180,"height":71,"caption":"Club Na\u00f9tic Sant Feliu de Guixols"},"image":{"@id":"https:\/\/cnsfg.cat\/de\/#\/schema\/logo\/image\/"},"sameAs":["https:\/\/www.facebook.com\/Club-N\u00e0utic-Sant-Feliu-525823567569507\/","https:\/\/x.com\/NauticSantFeliu"]},{"@type":"Person","@id":"https:\/\/cnsfg.cat\/de\/#\/schema\/person\/4692ae1497c51d70b33ac922e8c6c488","name":"Joana Valent","image":{"@type":"ImageObject","inLanguage":"de","@id":"https:\/\/secure.gravatar.com\/avatar\/5f78539fa1bea92ad6051500b1db1b0b36a8ee6743e42e6d8515ef5eee33904b?s=96&d=mm&r=g","url":"https:\/\/secure.gravatar.com\/avatar\/5f78539fa1bea92ad6051500b1db1b0b36a8ee6743e42e6d8515ef5eee33904b?s=96&d=mm&r=g","contentUrl":"https:\/\/secure.gravatar.com\/avatar\/5f78539fa1bea92ad6051500b1db1b0b36a8ee6743e42e6d8515ef5eee33904b?s=96&d=mm&r=g","caption":"Joana Valent"}}]}},"_links":{"self":[{"href":"https:\/\/cnsfg.cat\/de\/wp-json\/wp\/v2\/posts\/380758","targetHints":{"allow":["GET"]}}],"collection":[{"href":"https:\/\/cnsfg.cat\/de\/wp-json\/wp\/v2\/posts"}],"about":[{"href":"https:\/\/cnsfg.cat\/de\/wp-json\/wp\/v2\/types\/post"}],"author":[{"embeddable":true,"href":"https:\/\/cnsfg.cat\/de\/wp-json\/wp\/v2\/users\/21"}],"replies":[{"embeddable":true,"href":"https:\/\/cnsfg.cat\/de\/wp-json\/wp\/v2\/comments?post=380758"}],"version-history":[{"count":0,"href":"https:\/\/cnsfg.cat\/de\/wp-json\/wp\/v2\/posts\/380758\/revisions"}],"wp:featuredmedia":[{"embeddable":true,"href":"https:\/\/cnsfg.cat\/de\/wp-json\/wp\/v2\/media\/380749"}],"wp:attachment":[{"href":"https:\/\/cnsfg.cat\/de\/wp-json\/wp\/v2\/media?parent=380758"}],"wp:term":[{"taxonomy":"category","embeddable":true,"href":"https:\/\/cnsfg.cat\/de\/wp-json\/wp\/v2\/categories?post=380758"},{"taxonomy":"post_tag","embeddable":true,"href":"https:\/\/cnsfg.cat\/de\/wp-json\/wp\/v2\/tags?post=380758"}],"curies":[{"name":"wp","href":"https:\/\/api.w.org\/{rel}","templated":true}]}}