{"id":390461,"date":"2023-10-31T20:11:40","date_gmt":"2023-10-31T19:11:40","guid":{"rendered":"https:\/\/cnsfg.cat\/procicat-vorwarnung-fuer-wellen\/"},"modified":"2023-10-31T20:11:40","modified_gmt":"2023-10-31T19:11:40","slug":"procicat-vorwarnung-fuer-wellen","status":"publish","type":"post","link":"https:\/\/cnsfg.cat\/de\/procicat-vorwarnung-fuer-wellen\/","title":{"rendered":"PROCICAT Vorwarnung f\u00fcr Wellen"},"content":{"rendered":"<p><img loading=\"lazy\" decoding=\"async\" class=\"size-medium wp-image-390417 alignleft\" src=\"https:\/\/cnsfg.cat\/wp-content\/uploads\/2023\/10\/descarga-300x81.png\" alt=\"\" width=\"300\" height=\"81\" srcset=\"https:\/\/cnsfg.cat\/wp-content\/uploads\/2023\/10\/descarga-300x81.png 300w, https:\/\/cnsfg.cat\/wp-content\/uploads\/2023\/10\/descarga.png 432w\" sizes=\"(max-width: 300px) 100vw, 300px\" \/><\/p>\n<p>Es wird berichtet, dass es auf der Grundlage der meteorologischen Vorhersagen des <a href=\"https:\/\/www.meteo.cat\/\">Wetterdienstes<\/a> von Katalonien und der erwarteten Auswirkungen, die sich daraus ergeben werden, angebracht ist, den <a href=\"https:\/\/interior.gencat.cat\/ca\/arees_dactuacio\/proteccio_civil\/\">Katastrophenschutzplan von Katalonien<\/a> (PROCICAT) <strong>aufgrund von Wellen in eine Voralarmsituation<\/strong> zu versetzen.<\/p>\n<p>Der katalanische Wetterdienst berichtet, dass die Wellen entlang der katalanischen K\u00fcste ab Donnerstagmorgen <strong>2,5 Meter (<\/strong> Maregassa) \u00fcberschreiten k\u00f6nnen. Es wird sp\u00fcrbare Meeresb\u00f6den mit s\u00fcdlicher Komponente geben. Die geographische Verteilung des Ph\u00e4nomens wird sehr umfangreich sein.<\/p>\n<p>Die in dieser Erkl\u00e4rung beschriebene Risikosituation wird beendet, ohne dass es einer Schlie\u00dfungsmitteilung durch CECAT bedarf, sobald die angegebene Wetterperiode endet; solange die Informationen nicht mit einer neuen Mitteilung aktualisiert werden.<\/p>\n<p>Es ist zu beachten, dass die Pre-Alert-Situation nicht die Aktivierung von PROCICAT mit sich bringt. Diese Mitteilung wurde bereits an die auftretenden Gruppen verschickt.<\/p>\n<h3>Mehr zum Thema<\/h3>\n<p>Sie k\u00f6nnen die durchzuf\u00fchrenden Ma\u00dfnahmen, die R\u00e4te und die kommunalen Empfehlungen f\u00fcr Wellen unter dem Link http:\/\/bit.ly\/2cV9Crc einsehen <a href=\"http:\/\/bit.ly\/2cV9Crc\"><br \/>\n  <u>.<\/u><br \/>\n<\/a><\/p>\n","protected":false},"excerpt":{"rendered":"<p>Es wird berichtet, dass es auf der Grundlage der meteorologischen Vorhersagen des Wetterdienstes von Katalonien und der erwarteten Auswirkungen, die sich daraus ergeben werden, angebracht ist, den Katastrophenschutzplan von Katalonien [&hellip;]<\/p>\n","protected":false},"author":21,"featured_media":0,"comment_status":"closed","ping_status":"closed","sticky":false,"template":"","format":"standard","meta":{"_et_pb_use_builder":"","_et_pb_old_content":"","_et_gb_content_width":"","footnotes":""},"categories":[325],"tags":[1175,1174,1185],"class_list":["post-390461","post","type-post","status-publish","format-standard","hentry","category-meldungen","tag-procicat-de","tag-schwellen","tag-vorwarnung"],"yoast_head":"<!-- This site is optimized with the Yoast SEO plugin v27.4 - https:\/\/yoast.com\/product\/yoast-seo-wordpress\/ -->\n<title>PROCICAT Vorwarnung f\u00fcr Wellen - Club N\u00e0utic Sant Feliu de Guixols<\/title>\n<meta name=\"robots\" content=\"index, follow, max-snippet:-1, max-image-preview:large, max-video-preview:-1\" \/>\n<link rel=\"canonical\" href=\"https:\/\/cnsfg.cat\/de\/procicat-vorwarnung-fuer-wellen\/\" \/>\n<meta property=\"og:locale\" content=\"de_DE\" \/>\n<meta property=\"og:type\" content=\"article\" \/>\n<meta property=\"og:title\" content=\"PROCICAT Vorwarnung f\u00fcr Wellen - Club N\u00e0utic Sant Feliu de Guixols\" \/>\n<meta property=\"og:description\" content=\"Es wird berichtet, dass es auf der Grundlage der meteorologischen Vorhersagen des Wetterdienstes von Katalonien und der erwarteten Auswirkungen, die sich daraus ergeben werden, angebracht ist, den Katastrophenschutzplan von Katalonien [&hellip;]\" \/>\n<meta property=\"og:url\" content=\"https:\/\/cnsfg.cat\/de\/procicat-vorwarnung-fuer-wellen\/\" \/>\n<meta property=\"og:site_name\" content=\"Club N\u00e0utic Sant Feliu de Guixols\" \/>\n<meta property=\"article:publisher\" content=\"https:\/\/www.facebook.com\/Club-N%c3%a0utic-Sant-Feliu-525823567569507\/\" \/>\n<meta property=\"article:published_time\" content=\"2023-10-31T19:11:40+00:00\" \/>\n<meta property=\"og:image\" content=\"https:\/\/cnsfg.cat\/wp-content\/uploads\/2023\/10\/descarga-300x81.png\" \/>\n<meta name=\"author\" content=\"Joana Valent\" \/>\n<meta name=\"twitter:card\" content=\"summary_large_image\" \/>\n<meta name=\"twitter:creator\" content=\"@NauticSantFeliu\" \/>\n<meta name=\"twitter:site\" content=\"@NauticSantFeliu\" \/>\n<script type=\"application\/ld+json\" class=\"yoast-schema-graph\">{\"@context\":\"https:\\\/\\\/schema.org\",\"@graph\":[{\"@type\":\"Article\",\"@id\":\"https:\\\/\\\/cnsfg.cat\\\/de\\\/procicat-vorwarnung-fuer-wellen\\\/#article\",\"isPartOf\":{\"@id\":\"https:\\\/\\\/cnsfg.cat\\\/de\\\/procicat-vorwarnung-fuer-wellen\\\/\"},\"author\":{\"name\":\"Joana Valent\",\"@id\":\"https:\\\/\\\/cnsfg.cat\\\/de\\\/#\\\/schema\\\/person\\\/4692ae1497c51d70b33ac922e8c6c488\"},\"headline\":\"PROCICAT Vorwarnung f\u00fcr Wellen\",\"datePublished\":\"2023-10-31T19:11:40+00:00\",\"mainEntityOfPage\":{\"@id\":\"https:\\\/\\\/cnsfg.cat\\\/de\\\/procicat-vorwarnung-fuer-wellen\\\/\"},\"wordCount\":171,\"publisher\":{\"@id\":\"https:\\\/\\\/cnsfg.cat\\\/de\\\/#organization\"},\"image\":{\"@id\":\"https:\\\/\\\/cnsfg.cat\\\/de\\\/procicat-vorwarnung-fuer-wellen\\\/#primaryimage\"},\"thumbnailUrl\":\"https:\\\/\\\/cnsfg.cat\\\/wp-content\\\/uploads\\\/2023\\\/10\\\/descarga-300x81.png\",\"keywords\":[\"Procicat\",\"Schwellen\",\"Vorwarnung\"],\"articleSection\":[\"Meldungen\"],\"inLanguage\":\"de\"},{\"@type\":\"WebPage\",\"@id\":\"https:\\\/\\\/cnsfg.cat\\\/de\\\/procicat-vorwarnung-fuer-wellen\\\/\",\"url\":\"https:\\\/\\\/cnsfg.cat\\\/de\\\/procicat-vorwarnung-fuer-wellen\\\/\",\"name\":\"PROCICAT Vorwarnung f\u00fcr Wellen - Club N\u00e0utic Sant Feliu de Guixols\",\"isPartOf\":{\"@id\":\"https:\\\/\\\/cnsfg.cat\\\/de\\\/#website\"},\"primaryImageOfPage\":{\"@id\":\"https:\\\/\\\/cnsfg.cat\\\/de\\\/procicat-vorwarnung-fuer-wellen\\\/#primaryimage\"},\"image\":{\"@id\":\"https:\\\/\\\/cnsfg.cat\\\/de\\\/procicat-vorwarnung-fuer-wellen\\\/#primaryimage\"},\"thumbnailUrl\":\"https:\\\/\\\/cnsfg.cat\\\/wp-content\\\/uploads\\\/2023\\\/10\\\/descarga-300x81.png\",\"datePublished\":\"2023-10-31T19:11:40+00:00\",\"breadcrumb\":{\"@id\":\"https:\\\/\\\/cnsfg.cat\\\/de\\\/procicat-vorwarnung-fuer-wellen\\\/#breadcrumb\"},\"inLanguage\":\"de\",\"potentialAction\":[{\"@type\":\"ReadAction\",\"target\":[\"https:\\\/\\\/cnsfg.cat\\\/de\\\/procicat-vorwarnung-fuer-wellen\\\/\"]}]},{\"@type\":\"ImageObject\",\"inLanguage\":\"de\",\"@id\":\"https:\\\/\\\/cnsfg.cat\\\/de\\\/procicat-vorwarnung-fuer-wellen\\\/#primaryimage\",\"url\":\"https:\\\/\\\/cnsfg.cat\\\/wp-content\\\/uploads\\\/2023\\\/10\\\/descarga-300x81.png\",\"contentUrl\":\"https:\\\/\\\/cnsfg.cat\\\/wp-content\\\/uploads\\\/2023\\\/10\\\/descarga-300x81.png\"},{\"@type\":\"BreadcrumbList\",\"@id\":\"https:\\\/\\\/cnsfg.cat\\\/de\\\/procicat-vorwarnung-fuer-wellen\\\/#breadcrumb\",\"itemListElement\":[{\"@type\":\"ListItem\",\"position\":1,\"name\":\"Portada\",\"item\":\"https:\\\/\\\/cnsfg.cat\\\/de\\\/\"},{\"@type\":\"ListItem\",\"position\":2,\"name\":\"PROCICAT Vorwarnung f\u00fcr Wellen\"}]},{\"@type\":\"WebSite\",\"@id\":\"https:\\\/\\\/cnsfg.cat\\\/de\\\/#website\",\"url\":\"https:\\\/\\\/cnsfg.cat\\\/de\\\/\",\"name\":\"Club N\u00e0utic Sant Feliu de Guixols\",\"description\":\"Club n\u00e0utic amb m\u00e9s de 400 amarradors a Sant Feliu de Guixols, Costa Brava.\",\"publisher\":{\"@id\":\"https:\\\/\\\/cnsfg.cat\\\/de\\\/#organization\"},\"potentialAction\":[{\"@type\":\"SearchAction\",\"target\":{\"@type\":\"EntryPoint\",\"urlTemplate\":\"https:\\\/\\\/cnsfg.cat\\\/de\\\/?s={search_term_string}\"},\"query-input\":{\"@type\":\"PropertyValueSpecification\",\"valueRequired\":true,\"valueName\":\"search_term_string\"}}],\"inLanguage\":\"de\"},{\"@type\":\"Organization\",\"@id\":\"https:\\\/\\\/cnsfg.cat\\\/de\\\/#organization\",\"name\":\"Club Na\u00f9tic Sant Feliu de Guixols\",\"url\":\"https:\\\/\\\/cnsfg.cat\\\/de\\\/\",\"logo\":{\"@type\":\"ImageObject\",\"inLanguage\":\"de\",\"@id\":\"https:\\\/\\\/cnsfg.cat\\\/de\\\/#\\\/schema\\\/logo\\\/image\\\/\",\"url\":\"https:\\\/\\\/cnsfg.cat\\\/wp-content\\\/uploads\\\/2020\\\/03\\\/LOGO_CNSFG_180.png\",\"contentUrl\":\"https:\\\/\\\/cnsfg.cat\\\/wp-content\\\/uploads\\\/2020\\\/03\\\/LOGO_CNSFG_180.png\",\"width\":180,\"height\":71,\"caption\":\"Club Na\u00f9tic Sant Feliu de Guixols\"},\"image\":{\"@id\":\"https:\\\/\\\/cnsfg.cat\\\/de\\\/#\\\/schema\\\/logo\\\/image\\\/\"},\"sameAs\":[\"https:\\\/\\\/www.facebook.com\\\/Club-N\u00e0utic-Sant-Feliu-525823567569507\\\/\",\"https:\\\/\\\/x.com\\\/NauticSantFeliu\"]},{\"@type\":\"Person\",\"@id\":\"https:\\\/\\\/cnsfg.cat\\\/de\\\/#\\\/schema\\\/person\\\/4692ae1497c51d70b33ac922e8c6c488\",\"name\":\"Joana Valent\",\"image\":{\"@type\":\"ImageObject\",\"inLanguage\":\"de\",\"@id\":\"https:\\\/\\\/secure.gravatar.com\\\/avatar\\\/5f78539fa1bea92ad6051500b1db1b0b36a8ee6743e42e6d8515ef5eee33904b?s=96&d=mm&r=g\",\"url\":\"https:\\\/\\\/secure.gravatar.com\\\/avatar\\\/5f78539fa1bea92ad6051500b1db1b0b36a8ee6743e42e6d8515ef5eee33904b?s=96&d=mm&r=g\",\"contentUrl\":\"https:\\\/\\\/secure.gravatar.com\\\/avatar\\\/5f78539fa1bea92ad6051500b1db1b0b36a8ee6743e42e6d8515ef5eee33904b?s=96&d=mm&r=g\",\"caption\":\"Joana Valent\"}}]}<\/script>\n<!-- \/ Yoast SEO plugin. -->","yoast_head_json":{"title":"PROCICAT Vorwarnung f\u00fcr Wellen - Club N\u00e0utic Sant Feliu de Guixols","robots":{"index":"index","follow":"follow","max-snippet":"max-snippet:-1","max-image-preview":"max-image-preview:large","max-video-preview":"max-video-preview:-1"},"canonical":"https:\/\/cnsfg.cat\/de\/procicat-vorwarnung-fuer-wellen\/","og_locale":"de_DE","og_type":"article","og_title":"PROCICAT Vorwarnung f\u00fcr Wellen - Club N\u00e0utic Sant Feliu de Guixols","og_description":"Es wird berichtet, dass es auf der Grundlage der meteorologischen Vorhersagen des Wetterdienstes von Katalonien und der erwarteten Auswirkungen, die sich daraus ergeben werden, angebracht ist, den Katastrophenschutzplan von Katalonien [&hellip;]","og_url":"https:\/\/cnsfg.cat\/de\/procicat-vorwarnung-fuer-wellen\/","og_site_name":"Club N\u00e0utic Sant Feliu de Guixols","article_publisher":"https:\/\/www.facebook.com\/Club-N%c3%a0utic-Sant-Feliu-525823567569507\/","article_published_time":"2023-10-31T19:11:40+00:00","og_image":[{"url":"https:\/\/cnsfg.cat\/wp-content\/uploads\/2023\/10\/descarga-300x81.png","type":"","width":"","height":""}],"author":"Joana Valent","twitter_card":"summary_large_image","twitter_creator":"@NauticSantFeliu","twitter_site":"@NauticSantFeliu","schema":{"@context":"https:\/\/schema.org","@graph":[{"@type":"Article","@id":"https:\/\/cnsfg.cat\/de\/procicat-vorwarnung-fuer-wellen\/#article","isPartOf":{"@id":"https:\/\/cnsfg.cat\/de\/procicat-vorwarnung-fuer-wellen\/"},"author":{"name":"Joana Valent","@id":"https:\/\/cnsfg.cat\/de\/#\/schema\/person\/4692ae1497c51d70b33ac922e8c6c488"},"headline":"PROCICAT Vorwarnung f\u00fcr Wellen","datePublished":"2023-10-31T19:11:40+00:00","mainEntityOfPage":{"@id":"https:\/\/cnsfg.cat\/de\/procicat-vorwarnung-fuer-wellen\/"},"wordCount":171,"publisher":{"@id":"https:\/\/cnsfg.cat\/de\/#organization"},"image":{"@id":"https:\/\/cnsfg.cat\/de\/procicat-vorwarnung-fuer-wellen\/#primaryimage"},"thumbnailUrl":"https:\/\/cnsfg.cat\/wp-content\/uploads\/2023\/10\/descarga-300x81.png","keywords":["Procicat","Schwellen","Vorwarnung"],"articleSection":["Meldungen"],"inLanguage":"de"},{"@type":"WebPage","@id":"https:\/\/cnsfg.cat\/de\/procicat-vorwarnung-fuer-wellen\/","url":"https:\/\/cnsfg.cat\/de\/procicat-vorwarnung-fuer-wellen\/","name":"PROCICAT Vorwarnung f\u00fcr Wellen - Club N\u00e0utic Sant Feliu de Guixols","isPartOf":{"@id":"https:\/\/cnsfg.cat\/de\/#website"},"primaryImageOfPage":{"@id":"https:\/\/cnsfg.cat\/de\/procicat-vorwarnung-fuer-wellen\/#primaryimage"},"image":{"@id":"https:\/\/cnsfg.cat\/de\/procicat-vorwarnung-fuer-wellen\/#primaryimage"},"thumbnailUrl":"https:\/\/cnsfg.cat\/wp-content\/uploads\/2023\/10\/descarga-300x81.png","datePublished":"2023-10-31T19:11:40+00:00","breadcrumb":{"@id":"https:\/\/cnsfg.cat\/de\/procicat-vorwarnung-fuer-wellen\/#breadcrumb"},"inLanguage":"de","potentialAction":[{"@type":"ReadAction","target":["https:\/\/cnsfg.cat\/de\/procicat-vorwarnung-fuer-wellen\/"]}]},{"@type":"ImageObject","inLanguage":"de","@id":"https:\/\/cnsfg.cat\/de\/procicat-vorwarnung-fuer-wellen\/#primaryimage","url":"https:\/\/cnsfg.cat\/wp-content\/uploads\/2023\/10\/descarga-300x81.png","contentUrl":"https:\/\/cnsfg.cat\/wp-content\/uploads\/2023\/10\/descarga-300x81.png"},{"@type":"BreadcrumbList","@id":"https:\/\/cnsfg.cat\/de\/procicat-vorwarnung-fuer-wellen\/#breadcrumb","itemListElement":[{"@type":"ListItem","position":1,"name":"Portada","item":"https:\/\/cnsfg.cat\/de\/"},{"@type":"ListItem","position":2,"name":"PROCICAT Vorwarnung f\u00fcr Wellen"}]},{"@type":"WebSite","@id":"https:\/\/cnsfg.cat\/de\/#website","url":"https:\/\/cnsfg.cat\/de\/","name":"Club N\u00e0utic Sant Feliu de Guixols","description":"Club n\u00e0utic amb m\u00e9s de 400 amarradors a Sant Feliu de Guixols, Costa Brava.","publisher":{"@id":"https:\/\/cnsfg.cat\/de\/#organization"},"potentialAction":[{"@type":"SearchAction","target":{"@type":"EntryPoint","urlTemplate":"https:\/\/cnsfg.cat\/de\/?s={search_term_string}"},"query-input":{"@type":"PropertyValueSpecification","valueRequired":true,"valueName":"search_term_string"}}],"inLanguage":"de"},{"@type":"Organization","@id":"https:\/\/cnsfg.cat\/de\/#organization","name":"Club Na\u00f9tic Sant Feliu de Guixols","url":"https:\/\/cnsfg.cat\/de\/","logo":{"@type":"ImageObject","inLanguage":"de","@id":"https:\/\/cnsfg.cat\/de\/#\/schema\/logo\/image\/","url":"https:\/\/cnsfg.cat\/wp-content\/uploads\/2020\/03\/LOGO_CNSFG_180.png","contentUrl":"https:\/\/cnsfg.cat\/wp-content\/uploads\/2020\/03\/LOGO_CNSFG_180.png","width":180,"height":71,"caption":"Club Na\u00f9tic Sant Feliu de Guixols"},"image":{"@id":"https:\/\/cnsfg.cat\/de\/#\/schema\/logo\/image\/"},"sameAs":["https:\/\/www.facebook.com\/Club-N\u00e0utic-Sant-Feliu-525823567569507\/","https:\/\/x.com\/NauticSantFeliu"]},{"@type":"Person","@id":"https:\/\/cnsfg.cat\/de\/#\/schema\/person\/4692ae1497c51d70b33ac922e8c6c488","name":"Joana Valent","image":{"@type":"ImageObject","inLanguage":"de","@id":"https:\/\/secure.gravatar.com\/avatar\/5f78539fa1bea92ad6051500b1db1b0b36a8ee6743e42e6d8515ef5eee33904b?s=96&d=mm&r=g","url":"https:\/\/secure.gravatar.com\/avatar\/5f78539fa1bea92ad6051500b1db1b0b36a8ee6743e42e6d8515ef5eee33904b?s=96&d=mm&r=g","contentUrl":"https:\/\/secure.gravatar.com\/avatar\/5f78539fa1bea92ad6051500b1db1b0b36a8ee6743e42e6d8515ef5eee33904b?s=96&d=mm&r=g","caption":"Joana Valent"}}]}},"_links":{"self":[{"href":"https:\/\/cnsfg.cat\/de\/wp-json\/wp\/v2\/posts\/390461","targetHints":{"allow":["GET"]}}],"collection":[{"href":"https:\/\/cnsfg.cat\/de\/wp-json\/wp\/v2\/posts"}],"about":[{"href":"https:\/\/cnsfg.cat\/de\/wp-json\/wp\/v2\/types\/post"}],"author":[{"embeddable":true,"href":"https:\/\/cnsfg.cat\/de\/wp-json\/wp\/v2\/users\/21"}],"replies":[{"embeddable":true,"href":"https:\/\/cnsfg.cat\/de\/wp-json\/wp\/v2\/comments?post=390461"}],"version-history":[{"count":0,"href":"https:\/\/cnsfg.cat\/de\/wp-json\/wp\/v2\/posts\/390461\/revisions"}],"wp:attachment":[{"href":"https:\/\/cnsfg.cat\/de\/wp-json\/wp\/v2\/media?parent=390461"}],"wp:term":[{"taxonomy":"category","embeddable":true,"href":"https:\/\/cnsfg.cat\/de\/wp-json\/wp\/v2\/categories?post=390461"},{"taxonomy":"post_tag","embeddable":true,"href":"https:\/\/cnsfg.cat\/de\/wp-json\/wp\/v2\/tags?post=390461"}],"curies":[{"name":"wp","href":"https:\/\/api.w.org\/{rel}","templated":true}]}}