{"id":370159,"date":"2022-07-17T12:10:48","date_gmt":"2022-07-17T10:10:48","guid":{"rendered":"https:\/\/cnsfg.cat\/the-yacht-club-participates-in-the-tribute-to-the-virgin-of-carmen-in-sant-feliu\/"},"modified":"2022-07-17T12:10:48","modified_gmt":"2022-07-17T10:10:48","slug":"the-yacht-club-participates-in-the-tribute-to-the-virgin-of-carmen-in-sant-feliu","status":"publish","type":"post","link":"https:\/\/cnsfg.cat\/en\/the-yacht-club-participates-in-the-tribute-to-the-virgin-of-carmen-in-sant-feliu\/","title":{"rendered":"The Yacht Club participates in the tribute to the Virgin of Carmen in Sant Feliu"},"content":{"rendered":"<p>The<strong> Sant Feliu de Gu\u00edxols Yacht Club<\/strong> has participated as is tradition in the activity of <strong>tribute to the Virgin of Carmen<\/strong>, patron saint of sailors and fishermen, which this year was held this Saturday, July 16.<\/p>\n<p>The commemorative events have begun at the <a href=\"http:\/\/www.cpguixols.cat\/\">Fishermen&#8217;s Guild<\/a> where fishermen, but also sailors, members of the yacht club, debots and the general public have gathered for the blessing to the virgin. Next, the <strong>floral offering<\/strong> was made, in which the Yacht Club participated with a coat of arms of the flowering entity that the <a href=\"https:\/\/cnsfg.cat\/en\/the-club\/board\/\">commodore<\/a> and the <a href=\"https:\/\/cnsfg.cat\/en\/the-club\/team\/\">countermeasure<\/a> have given.<\/p>\n<p>Afterwards, a maritime procession was held, in which several boats of the Yacht Club participated.<\/p>\n<p>The tribute program to the Virgin of Carmen in Sant Feliu de Gu\u00edxols closed at night with a habaneras singing and tavern song at the Espig\u00f3 de Rius i Calvet.<\/p>\n<h3>Decorated boat competition<\/h3>\n<p>Once again this year, the traditional decorated boat competition has been organized. This year the jury&#8217;s award went to the boat Sa Valquiria by the partner <strong>Llu\u00eds Donat<\/strong>.<\/p>\n<p><img loading=\"lazy\" decoding=\"async\" class=\"alignnone size-medium wp-image-369968\" src=\"https:\/\/cnsfg.cat\/wp-content\/uploads\/2022\/07\/Verge-Carme-barques-Club-Nautic-300x225.jpeg\" alt=\"\" width=\"300\" height=\"225\"><\/p>\n","protected":false},"excerpt":{"rendered":"<p>The Sant Feliu de Gu\u00edxols Yacht Club has participated as is tradition in the activity of tribute to the Virgin of Carmen, patron saint of sailors and fishermen, which this [&hellip;]<\/p>\n","protected":false},"author":21,"featured_media":369973,"comment_status":"open","ping_status":"open","sticky":false,"template":"","format":"standard","meta":{"_et_pb_use_builder":"","_et_pb_old_content":"","_et_gb_content_width":"","footnotes":""},"categories":[248],"tags":[712,711,658],"class_list":["post-370159","post","type-post","status-publish","format-standard","has-post-thumbnail","hentry","category-activities","tag-sant-feliu-en","tag-virgin-of-carmen","tag-yacht-club"],"yoast_head":"<!-- This site is optimized with the Yoast SEO plugin v27.5 - https:\/\/yoast.com\/product\/yoast-seo-wordpress\/ -->\n<title>The Yacht Club participates in the tribute to the Virgin of Carmen in Sant Feliu - Club N\u00e0utic Sant Feliu de Guixols<\/title>\n<meta name=\"robots\" content=\"index, follow, max-snippet:-1, max-image-preview:large, max-video-preview:-1\" \/>\n<link rel=\"canonical\" href=\"https:\/\/cnsfg.cat\/en\/the-yacht-club-participates-in-the-tribute-to-the-virgin-of-carmen-in-sant-feliu\/\" \/>\n<meta property=\"og:locale\" content=\"en_US\" \/>\n<meta property=\"og:type\" content=\"article\" \/>\n<meta property=\"og:title\" content=\"The Yacht Club participates in the tribute to the Virgin of Carmen in Sant Feliu - Club N\u00e0utic Sant Feliu de Guixols\" \/>\n<meta property=\"og:description\" content=\"The Sant Feliu de Gu\u00edxols Yacht Club has participated as is tradition in the activity of tribute to the Virgin of Carmen, patron saint of sailors and fishermen, which this [&hellip;]\" \/>\n<meta property=\"og:url\" content=\"https:\/\/cnsfg.cat\/en\/the-yacht-club-participates-in-the-tribute-to-the-virgin-of-carmen-in-sant-feliu\/\" \/>\n<meta property=\"og:site_name\" content=\"Club N\u00e0utic Sant Feliu de Guixols\" \/>\n<meta property=\"article:publisher\" content=\"https:\/\/www.facebook.com\/Club-N%c3%a0utic-Sant-Feliu-525823567569507\/\" \/>\n<meta property=\"article:published_time\" content=\"2022-07-17T10:10:48+00:00\" \/>\n<meta property=\"og:image\" content=\"https:\/\/cnsfg.cat\/wp-content\/uploads\/2022\/07\/Verge-Carme-flors-Club-Nautic.jpeg\" \/>\n\t<meta property=\"og:image:width\" content=\"1600\" \/>\n\t<meta property=\"og:image:height\" content=\"1196\" \/>\n\t<meta property=\"og:image:type\" content=\"image\/jpeg\" \/>\n<meta name=\"author\" content=\"Joana Valent\" \/>\n<meta name=\"twitter:card\" content=\"summary_large_image\" \/>\n<meta name=\"twitter:creator\" content=\"@NauticSantFeliu\" \/>\n<meta name=\"twitter:site\" content=\"@NauticSantFeliu\" \/>\n<script type=\"application\/ld+json\" class=\"yoast-schema-graph\">{\"@context\":\"https:\\\/\\\/schema.org\",\"@graph\":[{\"@type\":\"Article\",\"@id\":\"https:\\\/\\\/cnsfg.cat\\\/en\\\/the-yacht-club-participates-in-the-tribute-to-the-virgin-of-carmen-in-sant-feliu\\\/#article\",\"isPartOf\":{\"@id\":\"https:\\\/\\\/cnsfg.cat\\\/en\\\/the-yacht-club-participates-in-the-tribute-to-the-virgin-of-carmen-in-sant-feliu\\\/\"},\"author\":{\"name\":\"Joana Valent\",\"@id\":\"https:\\\/\\\/cnsfg.cat\\\/en\\\/#\\\/schema\\\/person\\\/4692ae1497c51d70b33ac922e8c6c488\"},\"headline\":\"The Yacht Club participates in the tribute to the Virgin of Carmen in Sant Feliu\",\"datePublished\":\"2022-07-17T10:10:48+00:00\",\"mainEntityOfPage\":{\"@id\":\"https:\\\/\\\/cnsfg.cat\\\/en\\\/the-yacht-club-participates-in-the-tribute-to-the-virgin-of-carmen-in-sant-feliu\\\/\"},\"wordCount\":191,\"commentCount\":0,\"publisher\":{\"@id\":\"https:\\\/\\\/cnsfg.cat\\\/en\\\/#organization\"},\"image\":{\"@id\":\"https:\\\/\\\/cnsfg.cat\\\/en\\\/the-yacht-club-participates-in-the-tribute-to-the-virgin-of-carmen-in-sant-feliu\\\/#primaryimage\"},\"thumbnailUrl\":\"https:\\\/\\\/cnsfg.cat\\\/wp-content\\\/uploads\\\/2022\\\/07\\\/Verge-Carme-flors-Club-Nautic.jpeg\",\"keywords\":[\"sant feliu\",\"virgin of carmen\",\"yacht club\"],\"articleSection\":[\"Activities\"],\"inLanguage\":\"en-US\",\"potentialAction\":[{\"@type\":\"CommentAction\",\"name\":\"Comment\",\"target\":[\"https:\\\/\\\/cnsfg.cat\\\/en\\\/the-yacht-club-participates-in-the-tribute-to-the-virgin-of-carmen-in-sant-feliu\\\/#respond\"]}]},{\"@type\":\"WebPage\",\"@id\":\"https:\\\/\\\/cnsfg.cat\\\/en\\\/the-yacht-club-participates-in-the-tribute-to-the-virgin-of-carmen-in-sant-feliu\\\/\",\"url\":\"https:\\\/\\\/cnsfg.cat\\\/en\\\/the-yacht-club-participates-in-the-tribute-to-the-virgin-of-carmen-in-sant-feliu\\\/\",\"name\":\"The Yacht Club participates in the tribute to the Virgin of Carmen in Sant Feliu - Club N\u00e0utic Sant Feliu de Guixols\",\"isPartOf\":{\"@id\":\"https:\\\/\\\/cnsfg.cat\\\/en\\\/#website\"},\"primaryImageOfPage\":{\"@id\":\"https:\\\/\\\/cnsfg.cat\\\/en\\\/the-yacht-club-participates-in-the-tribute-to-the-virgin-of-carmen-in-sant-feliu\\\/#primaryimage\"},\"image\":{\"@id\":\"https:\\\/\\\/cnsfg.cat\\\/en\\\/the-yacht-club-participates-in-the-tribute-to-the-virgin-of-carmen-in-sant-feliu\\\/#primaryimage\"},\"thumbnailUrl\":\"https:\\\/\\\/cnsfg.cat\\\/wp-content\\\/uploads\\\/2022\\\/07\\\/Verge-Carme-flors-Club-Nautic.jpeg\",\"datePublished\":\"2022-07-17T10:10:48+00:00\",\"breadcrumb\":{\"@id\":\"https:\\\/\\\/cnsfg.cat\\\/en\\\/the-yacht-club-participates-in-the-tribute-to-the-virgin-of-carmen-in-sant-feliu\\\/#breadcrumb\"},\"inLanguage\":\"en-US\",\"potentialAction\":[{\"@type\":\"ReadAction\",\"target\":[\"https:\\\/\\\/cnsfg.cat\\\/en\\\/the-yacht-club-participates-in-the-tribute-to-the-virgin-of-carmen-in-sant-feliu\\\/\"]}]},{\"@type\":\"ImageObject\",\"inLanguage\":\"en-US\",\"@id\":\"https:\\\/\\\/cnsfg.cat\\\/en\\\/the-yacht-club-participates-in-the-tribute-to-the-virgin-of-carmen-in-sant-feliu\\\/#primaryimage\",\"url\":\"https:\\\/\\\/cnsfg.cat\\\/wp-content\\\/uploads\\\/2022\\\/07\\\/Verge-Carme-flors-Club-Nautic.jpeg\",\"contentUrl\":\"https:\\\/\\\/cnsfg.cat\\\/wp-content\\\/uploads\\\/2022\\\/07\\\/Verge-Carme-flors-Club-Nautic.jpeg\",\"width\":1600,\"height\":1196},{\"@type\":\"BreadcrumbList\",\"@id\":\"https:\\\/\\\/cnsfg.cat\\\/en\\\/the-yacht-club-participates-in-the-tribute-to-the-virgin-of-carmen-in-sant-feliu\\\/#breadcrumb\",\"itemListElement\":[{\"@type\":\"ListItem\",\"position\":1,\"name\":\"Portada\",\"item\":\"https:\\\/\\\/cnsfg.cat\\\/en\\\/\"},{\"@type\":\"ListItem\",\"position\":2,\"name\":\"The Yacht Club participates in the tribute to the Virgin of Carmen in Sant Feliu\"}]},{\"@type\":\"WebSite\",\"@id\":\"https:\\\/\\\/cnsfg.cat\\\/en\\\/#website\",\"url\":\"https:\\\/\\\/cnsfg.cat\\\/en\\\/\",\"name\":\"Club N\u00e0utic Sant Feliu de Guixols\",\"description\":\"Club n\u00e0utic amb m\u00e9s de 400 amarradors a Sant Feliu de Guixols, Costa Brava.\",\"publisher\":{\"@id\":\"https:\\\/\\\/cnsfg.cat\\\/en\\\/#organization\"},\"potentialAction\":[{\"@type\":\"SearchAction\",\"target\":{\"@type\":\"EntryPoint\",\"urlTemplate\":\"https:\\\/\\\/cnsfg.cat\\\/en\\\/?s={search_term_string}\"},\"query-input\":{\"@type\":\"PropertyValueSpecification\",\"valueRequired\":true,\"valueName\":\"search_term_string\"}}],\"inLanguage\":\"en-US\"},{\"@type\":\"Organization\",\"@id\":\"https:\\\/\\\/cnsfg.cat\\\/en\\\/#organization\",\"name\":\"Club Na\u00f9tic Sant Feliu de Guixols\",\"url\":\"https:\\\/\\\/cnsfg.cat\\\/en\\\/\",\"logo\":{\"@type\":\"ImageObject\",\"inLanguage\":\"en-US\",\"@id\":\"https:\\\/\\\/cnsfg.cat\\\/en\\\/#\\\/schema\\\/logo\\\/image\\\/\",\"url\":\"https:\\\/\\\/cnsfg.cat\\\/wp-content\\\/uploads\\\/2020\\\/03\\\/LOGO_CNSFG_180.png\",\"contentUrl\":\"https:\\\/\\\/cnsfg.cat\\\/wp-content\\\/uploads\\\/2020\\\/03\\\/LOGO_CNSFG_180.png\",\"width\":180,\"height\":71,\"caption\":\"Club Na\u00f9tic Sant Feliu de Guixols\"},\"image\":{\"@id\":\"https:\\\/\\\/cnsfg.cat\\\/en\\\/#\\\/schema\\\/logo\\\/image\\\/\"},\"sameAs\":[\"https:\\\/\\\/www.facebook.com\\\/Club-N\u00e0utic-Sant-Feliu-525823567569507\\\/\",\"https:\\\/\\\/x.com\\\/NauticSantFeliu\"]},{\"@type\":\"Person\",\"@id\":\"https:\\\/\\\/cnsfg.cat\\\/en\\\/#\\\/schema\\\/person\\\/4692ae1497c51d70b33ac922e8c6c488\",\"name\":\"Joana Valent\",\"image\":{\"@type\":\"ImageObject\",\"inLanguage\":\"en-US\",\"@id\":\"https:\\\/\\\/secure.gravatar.com\\\/avatar\\\/5f78539fa1bea92ad6051500b1db1b0b36a8ee6743e42e6d8515ef5eee33904b?s=96&d=mm&r=g\",\"url\":\"https:\\\/\\\/secure.gravatar.com\\\/avatar\\\/5f78539fa1bea92ad6051500b1db1b0b36a8ee6743e42e6d8515ef5eee33904b?s=96&d=mm&r=g\",\"contentUrl\":\"https:\\\/\\\/secure.gravatar.com\\\/avatar\\\/5f78539fa1bea92ad6051500b1db1b0b36a8ee6743e42e6d8515ef5eee33904b?s=96&d=mm&r=g\",\"caption\":\"Joana Valent\"}}]}<\/script>\n<!-- \/ Yoast SEO plugin. -->","yoast_head_json":{"title":"The Yacht Club participates in the tribute to the Virgin of Carmen in Sant Feliu - Club N\u00e0utic Sant Feliu de Guixols","robots":{"index":"index","follow":"follow","max-snippet":"max-snippet:-1","max-image-preview":"max-image-preview:large","max-video-preview":"max-video-preview:-1"},"canonical":"https:\/\/cnsfg.cat\/en\/the-yacht-club-participates-in-the-tribute-to-the-virgin-of-carmen-in-sant-feliu\/","og_locale":"en_US","og_type":"article","og_title":"The Yacht Club participates in the tribute to the Virgin of Carmen in Sant Feliu - Club N\u00e0utic Sant Feliu de Guixols","og_description":"The Sant Feliu de Gu\u00edxols Yacht Club has participated as is tradition in the activity of tribute to the Virgin of Carmen, patron saint of sailors and fishermen, which this [&hellip;]","og_url":"https:\/\/cnsfg.cat\/en\/the-yacht-club-participates-in-the-tribute-to-the-virgin-of-carmen-in-sant-feliu\/","og_site_name":"Club N\u00e0utic Sant Feliu de Guixols","article_publisher":"https:\/\/www.facebook.com\/Club-N%c3%a0utic-Sant-Feliu-525823567569507\/","article_published_time":"2022-07-17T10:10:48+00:00","og_image":[{"width":1600,"height":1196,"url":"https:\/\/cnsfg.cat\/wp-content\/uploads\/2022\/07\/Verge-Carme-flors-Club-Nautic.jpeg","type":"image\/jpeg"}],"author":"Joana Valent","twitter_card":"summary_large_image","twitter_creator":"@NauticSantFeliu","twitter_site":"@NauticSantFeliu","schema":{"@context":"https:\/\/schema.org","@graph":[{"@type":"Article","@id":"https:\/\/cnsfg.cat\/en\/the-yacht-club-participates-in-the-tribute-to-the-virgin-of-carmen-in-sant-feliu\/#article","isPartOf":{"@id":"https:\/\/cnsfg.cat\/en\/the-yacht-club-participates-in-the-tribute-to-the-virgin-of-carmen-in-sant-feliu\/"},"author":{"name":"Joana Valent","@id":"https:\/\/cnsfg.cat\/en\/#\/schema\/person\/4692ae1497c51d70b33ac922e8c6c488"},"headline":"The Yacht Club participates in the tribute to the Virgin of Carmen in Sant Feliu","datePublished":"2022-07-17T10:10:48+00:00","mainEntityOfPage":{"@id":"https:\/\/cnsfg.cat\/en\/the-yacht-club-participates-in-the-tribute-to-the-virgin-of-carmen-in-sant-feliu\/"},"wordCount":191,"commentCount":0,"publisher":{"@id":"https:\/\/cnsfg.cat\/en\/#organization"},"image":{"@id":"https:\/\/cnsfg.cat\/en\/the-yacht-club-participates-in-the-tribute-to-the-virgin-of-carmen-in-sant-feliu\/#primaryimage"},"thumbnailUrl":"https:\/\/cnsfg.cat\/wp-content\/uploads\/2022\/07\/Verge-Carme-flors-Club-Nautic.jpeg","keywords":["sant feliu","virgin of carmen","yacht club"],"articleSection":["Activities"],"inLanguage":"en-US","potentialAction":[{"@type":"CommentAction","name":"Comment","target":["https:\/\/cnsfg.cat\/en\/the-yacht-club-participates-in-the-tribute-to-the-virgin-of-carmen-in-sant-feliu\/#respond"]}]},{"@type":"WebPage","@id":"https:\/\/cnsfg.cat\/en\/the-yacht-club-participates-in-the-tribute-to-the-virgin-of-carmen-in-sant-feliu\/","url":"https:\/\/cnsfg.cat\/en\/the-yacht-club-participates-in-the-tribute-to-the-virgin-of-carmen-in-sant-feliu\/","name":"The Yacht Club participates in the tribute to the Virgin of Carmen in Sant Feliu - Club N\u00e0utic Sant Feliu de Guixols","isPartOf":{"@id":"https:\/\/cnsfg.cat\/en\/#website"},"primaryImageOfPage":{"@id":"https:\/\/cnsfg.cat\/en\/the-yacht-club-participates-in-the-tribute-to-the-virgin-of-carmen-in-sant-feliu\/#primaryimage"},"image":{"@id":"https:\/\/cnsfg.cat\/en\/the-yacht-club-participates-in-the-tribute-to-the-virgin-of-carmen-in-sant-feliu\/#primaryimage"},"thumbnailUrl":"https:\/\/cnsfg.cat\/wp-content\/uploads\/2022\/07\/Verge-Carme-flors-Club-Nautic.jpeg","datePublished":"2022-07-17T10:10:48+00:00","breadcrumb":{"@id":"https:\/\/cnsfg.cat\/en\/the-yacht-club-participates-in-the-tribute-to-the-virgin-of-carmen-in-sant-feliu\/#breadcrumb"},"inLanguage":"en-US","potentialAction":[{"@type":"ReadAction","target":["https:\/\/cnsfg.cat\/en\/the-yacht-club-participates-in-the-tribute-to-the-virgin-of-carmen-in-sant-feliu\/"]}]},{"@type":"ImageObject","inLanguage":"en-US","@id":"https:\/\/cnsfg.cat\/en\/the-yacht-club-participates-in-the-tribute-to-the-virgin-of-carmen-in-sant-feliu\/#primaryimage","url":"https:\/\/cnsfg.cat\/wp-content\/uploads\/2022\/07\/Verge-Carme-flors-Club-Nautic.jpeg","contentUrl":"https:\/\/cnsfg.cat\/wp-content\/uploads\/2022\/07\/Verge-Carme-flors-Club-Nautic.jpeg","width":1600,"height":1196},{"@type":"BreadcrumbList","@id":"https:\/\/cnsfg.cat\/en\/the-yacht-club-participates-in-the-tribute-to-the-virgin-of-carmen-in-sant-feliu\/#breadcrumb","itemListElement":[{"@type":"ListItem","position":1,"name":"Portada","item":"https:\/\/cnsfg.cat\/en\/"},{"@type":"ListItem","position":2,"name":"The Yacht Club participates in the tribute to the Virgin of Carmen in Sant Feliu"}]},{"@type":"WebSite","@id":"https:\/\/cnsfg.cat\/en\/#website","url":"https:\/\/cnsfg.cat\/en\/","name":"Club N\u00e0utic Sant Feliu de Guixols","description":"Club n\u00e0utic amb m\u00e9s de 400 amarradors a Sant Feliu de Guixols, Costa Brava.","publisher":{"@id":"https:\/\/cnsfg.cat\/en\/#organization"},"potentialAction":[{"@type":"SearchAction","target":{"@type":"EntryPoint","urlTemplate":"https:\/\/cnsfg.cat\/en\/?s={search_term_string}"},"query-input":{"@type":"PropertyValueSpecification","valueRequired":true,"valueName":"search_term_string"}}],"inLanguage":"en-US"},{"@type":"Organization","@id":"https:\/\/cnsfg.cat\/en\/#organization","name":"Club Na\u00f9tic Sant Feliu de Guixols","url":"https:\/\/cnsfg.cat\/en\/","logo":{"@type":"ImageObject","inLanguage":"en-US","@id":"https:\/\/cnsfg.cat\/en\/#\/schema\/logo\/image\/","url":"https:\/\/cnsfg.cat\/wp-content\/uploads\/2020\/03\/LOGO_CNSFG_180.png","contentUrl":"https:\/\/cnsfg.cat\/wp-content\/uploads\/2020\/03\/LOGO_CNSFG_180.png","width":180,"height":71,"caption":"Club Na\u00f9tic Sant Feliu de Guixols"},"image":{"@id":"https:\/\/cnsfg.cat\/en\/#\/schema\/logo\/image\/"},"sameAs":["https:\/\/www.facebook.com\/Club-N\u00e0utic-Sant-Feliu-525823567569507\/","https:\/\/x.com\/NauticSantFeliu"]},{"@type":"Person","@id":"https:\/\/cnsfg.cat\/en\/#\/schema\/person\/4692ae1497c51d70b33ac922e8c6c488","name":"Joana Valent","image":{"@type":"ImageObject","inLanguage":"en-US","@id":"https:\/\/secure.gravatar.com\/avatar\/5f78539fa1bea92ad6051500b1db1b0b36a8ee6743e42e6d8515ef5eee33904b?s=96&d=mm&r=g","url":"https:\/\/secure.gravatar.com\/avatar\/5f78539fa1bea92ad6051500b1db1b0b36a8ee6743e42e6d8515ef5eee33904b?s=96&d=mm&r=g","contentUrl":"https:\/\/secure.gravatar.com\/avatar\/5f78539fa1bea92ad6051500b1db1b0b36a8ee6743e42e6d8515ef5eee33904b?s=96&d=mm&r=g","caption":"Joana Valent"}}]}},"_links":{"self":[{"href":"https:\/\/cnsfg.cat\/en\/wp-json\/wp\/v2\/posts\/370159","targetHints":{"allow":["GET"]}}],"collection":[{"href":"https:\/\/cnsfg.cat\/en\/wp-json\/wp\/v2\/posts"}],"about":[{"href":"https:\/\/cnsfg.cat\/en\/wp-json\/wp\/v2\/types\/post"}],"author":[{"embeddable":true,"href":"https:\/\/cnsfg.cat\/en\/wp-json\/wp\/v2\/users\/21"}],"replies":[{"embeddable":true,"href":"https:\/\/cnsfg.cat\/en\/wp-json\/wp\/v2\/comments?post=370159"}],"version-history":[{"count":0,"href":"https:\/\/cnsfg.cat\/en\/wp-json\/wp\/v2\/posts\/370159\/revisions"}],"wp:featuredmedia":[{"embeddable":true,"href":"https:\/\/cnsfg.cat\/en\/wp-json\/wp\/v2\/media\/369973"}],"wp:attachment":[{"href":"https:\/\/cnsfg.cat\/en\/wp-json\/wp\/v2\/media?parent=370159"}],"wp:term":[{"taxonomy":"category","embeddable":true,"href":"https:\/\/cnsfg.cat\/en\/wp-json\/wp\/v2\/categories?post=370159"},{"taxonomy":"post_tag","embeddable":true,"href":"https:\/\/cnsfg.cat\/en\/wp-json\/wp\/v2\/tags?post=370159"}],"curies":[{"name":"wp","href":"https:\/\/api.w.org\/{rel}","templated":true}]}}