{"id":402891,"date":"2024-08-23T15:11:15","date_gmt":"2024-08-23T13:11:15","guid":{"rendered":"https:\/\/cnsfg.cat\/presentation-of-awards-and-summer-closure-of-the-members-party\/"},"modified":"2024-08-23T15:11:15","modified_gmt":"2024-08-23T13:11:15","slug":"presentation-of-awards-and-summer-closure-of-the-members-party","status":"publish","type":"post","link":"https:\/\/cnsfg.cat\/en\/presentation-of-awards-and-summer-closure-of-the-members-party\/","title":{"rendered":"Presentation of awards and summer closure of the Members&#8217; Party"},"content":{"rendered":"<p><img loading=\"lazy\" decoding=\"async\" class=\"size-medium wp-image-402879 alignleft\" src=\"https:\/\/cnsfg.cat\/wp-content\/uploads\/2024\/08\/202408_CNS_SoparSocis_0124-2800px-300x200.jpg\" alt=\"\" width=\"300\" height=\"200\">  About eighty people participated this Thursday in <strong>the Members&#8217; Party of the<\/strong> <strong>Sant Feliu de Gu\u00edxols Yacht Club<\/strong>.<br \/>\nIt was an evening of brotherhood on the terrace of the Club Restaurant that was marked by the good atmosphere and that served to symbolically close the social season of this summer.   <\/p>\n<h3>Gold and silver badges<\/h3>\n<p>  As tradition dictates, after the dinner speeches were made, with a special memory for the former president of the Club <a href=\"https:\/\/cnsfg.cat\/mort-joaquim-pla-bartrina\/\">Joaquim Pla Bartrina<\/a>, who died this week, and several awards were distributed.<br \/>\nThis year&#8217;s gold badges were awarded to honorary members <strong>Antoni Sabat\u00e9<\/strong> and <strong>Juan L\u00e1zaro<\/strong> in recognition of their years of dedication and dedication to our entity.<br \/>\nThe silver badge of the night went to member number 41, <strong>Josep Mad\u00ed<\/strong>.    <\/p>\n<h3>Summer Awards<\/h3>\n<p>  After the tributes, the pending prizes of the summer activities were awarded.<br \/>\nThe Shark Boat of the <strong>annual Ivan Mart\u00ednez<\/strong> ski pass won the first prize in this year&#8217;s Mare de D\u00e9u del Carme <a href=\"https:\/\/cnsfg.cat\/festivitat-carme-2024\/\">Decorated Boat Competition<\/a> , while C\u00e1ritas Gu\u00edxols \u2013 Vall d&#8217;Aro collected the solidarity cheque for the<a href=\"https:\/\/cnsfg.cat\/festa-solidaria-2024\/\"> Black &amp; White Festival<\/a>.<br \/>\nThe award ceremony ended with speeches by the mayor of Sant Feliu de Gu\u00edxols, <strong>Carles Motas<\/strong>, and the President of the CNSFG, <strong>Albert Ros\u00e9s<\/strong>.<br \/>\nLater, to round off the night, a DJ put music to the party.   <\/p>\n","protected":false},"excerpt":{"rendered":"<p>About eighty people participated this Thursday in the Members&#8217; Party of the Sant Feliu de Gu\u00edxols Yacht Club. It was an evening of brotherhood on the terrace of the Club [&hellip;]<\/p>\n","protected":false},"author":21,"featured_media":402885,"comment_status":"closed","ping_status":"closed","sticky":false,"template":"","format":"standard","meta":{"_et_pb_use_builder":"","_et_pb_old_content":"","_et_gb_content_width":"","footnotes":""},"categories":[255],"tags":[1332,1099,691,1333],"class_list":["post-402891","post","type-post","status-publish","format-standard","has-post-thumbnail","hentry","category-services","tag-awards","tag-members-party","tag-members","tag-summer"],"yoast_head":"<!-- This site is optimized with the Yoast SEO plugin v27.5 - https:\/\/yoast.com\/product\/yoast-seo-wordpress\/ -->\n<title>Presentation of awards and summer closure of the Members&#039; Party - Club N\u00e0utic Sant Feliu de Guixols<\/title>\n<meta name=\"robots\" content=\"index, follow, max-snippet:-1, max-image-preview:large, max-video-preview:-1\" \/>\n<link rel=\"canonical\" href=\"https:\/\/cnsfg.cat\/en\/presentation-of-awards-and-summer-closure-of-the-members-party\/\" \/>\n<meta property=\"og:locale\" content=\"en_US\" \/>\n<meta property=\"og:type\" content=\"article\" \/>\n<meta property=\"og:title\" content=\"Presentation of awards and summer closure of the Members&#039; Party - Club N\u00e0utic Sant Feliu de Guixols\" \/>\n<meta property=\"og:description\" content=\"About eighty people participated this Thursday in the Members&#8217; Party of the Sant Feliu de Gu\u00edxols Yacht Club. It was an evening of brotherhood on the terrace of the Club [&hellip;]\" \/>\n<meta property=\"og:url\" content=\"https:\/\/cnsfg.cat\/en\/presentation-of-awards-and-summer-closure-of-the-members-party\/\" \/>\n<meta property=\"og:site_name\" content=\"Club N\u00e0utic Sant Feliu de Guixols\" \/>\n<meta property=\"article:publisher\" content=\"https:\/\/www.facebook.com\/Club-N%c3%a0utic-Sant-Feliu-525823567569507\/\" \/>\n<meta property=\"article:published_time\" content=\"2024-08-23T13:11:15+00:00\" \/>\n<meta property=\"og:image\" content=\"https:\/\/cnsfg.cat\/wp-content\/uploads\/2024\/08\/202408_CNS_SoparSocis_0329-2800px-scaled.jpg\" \/>\n\t<meta property=\"og:image:width\" content=\"2560\" \/>\n\t<meta property=\"og:image:height\" content=\"1707\" \/>\n\t<meta property=\"og:image:type\" content=\"image\/jpeg\" \/>\n<meta name=\"author\" content=\"Joana Valent\" \/>\n<meta name=\"twitter:card\" content=\"summary_large_image\" \/>\n<meta name=\"twitter:creator\" content=\"@NauticSantFeliu\" \/>\n<meta name=\"twitter:site\" content=\"@NauticSantFeliu\" \/>\n<script type=\"application\/ld+json\" class=\"yoast-schema-graph\">{\"@context\":\"https:\\\/\\\/schema.org\",\"@graph\":[{\"@type\":\"Article\",\"@id\":\"https:\\\/\\\/cnsfg.cat\\\/en\\\/presentation-of-awards-and-summer-closure-of-the-members-party\\\/#article\",\"isPartOf\":{\"@id\":\"https:\\\/\\\/cnsfg.cat\\\/en\\\/presentation-of-awards-and-summer-closure-of-the-members-party\\\/\"},\"author\":{\"name\":\"Joana Valent\",\"@id\":\"https:\\\/\\\/cnsfg.cat\\\/en\\\/#\\\/schema\\\/person\\\/4692ae1497c51d70b33ac922e8c6c488\"},\"headline\":\"Presentation of awards and summer closure of the Members&#8217; Party\",\"datePublished\":\"2024-08-23T13:11:15+00:00\",\"mainEntityOfPage\":{\"@id\":\"https:\\\/\\\/cnsfg.cat\\\/en\\\/presentation-of-awards-and-summer-closure-of-the-members-party\\\/\"},\"wordCount\":233,\"publisher\":{\"@id\":\"https:\\\/\\\/cnsfg.cat\\\/en\\\/#organization\"},\"image\":{\"@id\":\"https:\\\/\\\/cnsfg.cat\\\/en\\\/presentation-of-awards-and-summer-closure-of-the-members-party\\\/#primaryimage\"},\"thumbnailUrl\":\"https:\\\/\\\/cnsfg.cat\\\/wp-content\\\/uploads\\\/2024\\\/08\\\/202408_CNS_SoparSocis_0329-2800px-scaled.jpg\",\"keywords\":[\"Awards\",\"Member's party\",\"Members\",\"summer\"],\"articleSection\":[\"Services\"],\"inLanguage\":\"en-US\"},{\"@type\":\"WebPage\",\"@id\":\"https:\\\/\\\/cnsfg.cat\\\/en\\\/presentation-of-awards-and-summer-closure-of-the-members-party\\\/\",\"url\":\"https:\\\/\\\/cnsfg.cat\\\/en\\\/presentation-of-awards-and-summer-closure-of-the-members-party\\\/\",\"name\":\"Presentation of awards and summer closure of the Members' Party - Club N\u00e0utic Sant Feliu de Guixols\",\"isPartOf\":{\"@id\":\"https:\\\/\\\/cnsfg.cat\\\/en\\\/#website\"},\"primaryImageOfPage\":{\"@id\":\"https:\\\/\\\/cnsfg.cat\\\/en\\\/presentation-of-awards-and-summer-closure-of-the-members-party\\\/#primaryimage\"},\"image\":{\"@id\":\"https:\\\/\\\/cnsfg.cat\\\/en\\\/presentation-of-awards-and-summer-closure-of-the-members-party\\\/#primaryimage\"},\"thumbnailUrl\":\"https:\\\/\\\/cnsfg.cat\\\/wp-content\\\/uploads\\\/2024\\\/08\\\/202408_CNS_SoparSocis_0329-2800px-scaled.jpg\",\"datePublished\":\"2024-08-23T13:11:15+00:00\",\"breadcrumb\":{\"@id\":\"https:\\\/\\\/cnsfg.cat\\\/en\\\/presentation-of-awards-and-summer-closure-of-the-members-party\\\/#breadcrumb\"},\"inLanguage\":\"en-US\",\"potentialAction\":[{\"@type\":\"ReadAction\",\"target\":[\"https:\\\/\\\/cnsfg.cat\\\/en\\\/presentation-of-awards-and-summer-closure-of-the-members-party\\\/\"]}]},{\"@type\":\"ImageObject\",\"inLanguage\":\"en-US\",\"@id\":\"https:\\\/\\\/cnsfg.cat\\\/en\\\/presentation-of-awards-and-summer-closure-of-the-members-party\\\/#primaryimage\",\"url\":\"https:\\\/\\\/cnsfg.cat\\\/wp-content\\\/uploads\\\/2024\\\/08\\\/202408_CNS_SoparSocis_0329-2800px-scaled.jpg\",\"contentUrl\":\"https:\\\/\\\/cnsfg.cat\\\/wp-content\\\/uploads\\\/2024\\\/08\\\/202408_CNS_SoparSocis_0329-2800px-scaled.jpg\",\"width\":2560,\"height\":1707},{\"@type\":\"BreadcrumbList\",\"@id\":\"https:\\\/\\\/cnsfg.cat\\\/en\\\/presentation-of-awards-and-summer-closure-of-the-members-party\\\/#breadcrumb\",\"itemListElement\":[{\"@type\":\"ListItem\",\"position\":1,\"name\":\"Portada\",\"item\":\"https:\\\/\\\/cnsfg.cat\\\/en\\\/\"},{\"@type\":\"ListItem\",\"position\":2,\"name\":\"Presentation of awards and summer closure of the Members&#8217; Party\"}]},{\"@type\":\"WebSite\",\"@id\":\"https:\\\/\\\/cnsfg.cat\\\/en\\\/#website\",\"url\":\"https:\\\/\\\/cnsfg.cat\\\/en\\\/\",\"name\":\"Club N\u00e0utic Sant Feliu de Guixols\",\"description\":\"Club n\u00e0utic amb m\u00e9s de 400 amarradors a Sant Feliu de Guixols, Costa Brava.\",\"publisher\":{\"@id\":\"https:\\\/\\\/cnsfg.cat\\\/en\\\/#organization\"},\"potentialAction\":[{\"@type\":\"SearchAction\",\"target\":{\"@type\":\"EntryPoint\",\"urlTemplate\":\"https:\\\/\\\/cnsfg.cat\\\/en\\\/?s={search_term_string}\"},\"query-input\":{\"@type\":\"PropertyValueSpecification\",\"valueRequired\":true,\"valueName\":\"search_term_string\"}}],\"inLanguage\":\"en-US\"},{\"@type\":\"Organization\",\"@id\":\"https:\\\/\\\/cnsfg.cat\\\/en\\\/#organization\",\"name\":\"Club Na\u00f9tic Sant Feliu de Guixols\",\"url\":\"https:\\\/\\\/cnsfg.cat\\\/en\\\/\",\"logo\":{\"@type\":\"ImageObject\",\"inLanguage\":\"en-US\",\"@id\":\"https:\\\/\\\/cnsfg.cat\\\/en\\\/#\\\/schema\\\/logo\\\/image\\\/\",\"url\":\"https:\\\/\\\/cnsfg.cat\\\/wp-content\\\/uploads\\\/2020\\\/03\\\/LOGO_CNSFG_180.png\",\"contentUrl\":\"https:\\\/\\\/cnsfg.cat\\\/wp-content\\\/uploads\\\/2020\\\/03\\\/LOGO_CNSFG_180.png\",\"width\":180,\"height\":71,\"caption\":\"Club Na\u00f9tic Sant Feliu de Guixols\"},\"image\":{\"@id\":\"https:\\\/\\\/cnsfg.cat\\\/en\\\/#\\\/schema\\\/logo\\\/image\\\/\"},\"sameAs\":[\"https:\\\/\\\/www.facebook.com\\\/Club-N\u00e0utic-Sant-Feliu-525823567569507\\\/\",\"https:\\\/\\\/x.com\\\/NauticSantFeliu\"]},{\"@type\":\"Person\",\"@id\":\"https:\\\/\\\/cnsfg.cat\\\/en\\\/#\\\/schema\\\/person\\\/4692ae1497c51d70b33ac922e8c6c488\",\"name\":\"Joana Valent\",\"image\":{\"@type\":\"ImageObject\",\"inLanguage\":\"en-US\",\"@id\":\"https:\\\/\\\/secure.gravatar.com\\\/avatar\\\/5f78539fa1bea92ad6051500b1db1b0b36a8ee6743e42e6d8515ef5eee33904b?s=96&d=mm&r=g\",\"url\":\"https:\\\/\\\/secure.gravatar.com\\\/avatar\\\/5f78539fa1bea92ad6051500b1db1b0b36a8ee6743e42e6d8515ef5eee33904b?s=96&d=mm&r=g\",\"contentUrl\":\"https:\\\/\\\/secure.gravatar.com\\\/avatar\\\/5f78539fa1bea92ad6051500b1db1b0b36a8ee6743e42e6d8515ef5eee33904b?s=96&d=mm&r=g\",\"caption\":\"Joana Valent\"}}]}<\/script>\n<!-- \/ Yoast SEO plugin. -->","yoast_head_json":{"title":"Presentation of awards and summer closure of the Members' Party - Club N\u00e0utic Sant Feliu de Guixols","robots":{"index":"index","follow":"follow","max-snippet":"max-snippet:-1","max-image-preview":"max-image-preview:large","max-video-preview":"max-video-preview:-1"},"canonical":"https:\/\/cnsfg.cat\/en\/presentation-of-awards-and-summer-closure-of-the-members-party\/","og_locale":"en_US","og_type":"article","og_title":"Presentation of awards and summer closure of the Members' Party - Club N\u00e0utic Sant Feliu de Guixols","og_description":"About eighty people participated this Thursday in the Members&#8217; Party of the Sant Feliu de Gu\u00edxols Yacht Club. It was an evening of brotherhood on the terrace of the Club [&hellip;]","og_url":"https:\/\/cnsfg.cat\/en\/presentation-of-awards-and-summer-closure-of-the-members-party\/","og_site_name":"Club N\u00e0utic Sant Feliu de Guixols","article_publisher":"https:\/\/www.facebook.com\/Club-N%c3%a0utic-Sant-Feliu-525823567569507\/","article_published_time":"2024-08-23T13:11:15+00:00","og_image":[{"width":2560,"height":1707,"url":"https:\/\/cnsfg.cat\/wp-content\/uploads\/2024\/08\/202408_CNS_SoparSocis_0329-2800px-scaled.jpg","type":"image\/jpeg"}],"author":"Joana Valent","twitter_card":"summary_large_image","twitter_creator":"@NauticSantFeliu","twitter_site":"@NauticSantFeliu","schema":{"@context":"https:\/\/schema.org","@graph":[{"@type":"Article","@id":"https:\/\/cnsfg.cat\/en\/presentation-of-awards-and-summer-closure-of-the-members-party\/#article","isPartOf":{"@id":"https:\/\/cnsfg.cat\/en\/presentation-of-awards-and-summer-closure-of-the-members-party\/"},"author":{"name":"Joana Valent","@id":"https:\/\/cnsfg.cat\/en\/#\/schema\/person\/4692ae1497c51d70b33ac922e8c6c488"},"headline":"Presentation of awards and summer closure of the Members&#8217; Party","datePublished":"2024-08-23T13:11:15+00:00","mainEntityOfPage":{"@id":"https:\/\/cnsfg.cat\/en\/presentation-of-awards-and-summer-closure-of-the-members-party\/"},"wordCount":233,"publisher":{"@id":"https:\/\/cnsfg.cat\/en\/#organization"},"image":{"@id":"https:\/\/cnsfg.cat\/en\/presentation-of-awards-and-summer-closure-of-the-members-party\/#primaryimage"},"thumbnailUrl":"https:\/\/cnsfg.cat\/wp-content\/uploads\/2024\/08\/202408_CNS_SoparSocis_0329-2800px-scaled.jpg","keywords":["Awards","Member's party","Members","summer"],"articleSection":["Services"],"inLanguage":"en-US"},{"@type":"WebPage","@id":"https:\/\/cnsfg.cat\/en\/presentation-of-awards-and-summer-closure-of-the-members-party\/","url":"https:\/\/cnsfg.cat\/en\/presentation-of-awards-and-summer-closure-of-the-members-party\/","name":"Presentation of awards and summer closure of the Members' Party - Club N\u00e0utic Sant Feliu de Guixols","isPartOf":{"@id":"https:\/\/cnsfg.cat\/en\/#website"},"primaryImageOfPage":{"@id":"https:\/\/cnsfg.cat\/en\/presentation-of-awards-and-summer-closure-of-the-members-party\/#primaryimage"},"image":{"@id":"https:\/\/cnsfg.cat\/en\/presentation-of-awards-and-summer-closure-of-the-members-party\/#primaryimage"},"thumbnailUrl":"https:\/\/cnsfg.cat\/wp-content\/uploads\/2024\/08\/202408_CNS_SoparSocis_0329-2800px-scaled.jpg","datePublished":"2024-08-23T13:11:15+00:00","breadcrumb":{"@id":"https:\/\/cnsfg.cat\/en\/presentation-of-awards-and-summer-closure-of-the-members-party\/#breadcrumb"},"inLanguage":"en-US","potentialAction":[{"@type":"ReadAction","target":["https:\/\/cnsfg.cat\/en\/presentation-of-awards-and-summer-closure-of-the-members-party\/"]}]},{"@type":"ImageObject","inLanguage":"en-US","@id":"https:\/\/cnsfg.cat\/en\/presentation-of-awards-and-summer-closure-of-the-members-party\/#primaryimage","url":"https:\/\/cnsfg.cat\/wp-content\/uploads\/2024\/08\/202408_CNS_SoparSocis_0329-2800px-scaled.jpg","contentUrl":"https:\/\/cnsfg.cat\/wp-content\/uploads\/2024\/08\/202408_CNS_SoparSocis_0329-2800px-scaled.jpg","width":2560,"height":1707},{"@type":"BreadcrumbList","@id":"https:\/\/cnsfg.cat\/en\/presentation-of-awards-and-summer-closure-of-the-members-party\/#breadcrumb","itemListElement":[{"@type":"ListItem","position":1,"name":"Portada","item":"https:\/\/cnsfg.cat\/en\/"},{"@type":"ListItem","position":2,"name":"Presentation of awards and summer closure of the Members&#8217; Party"}]},{"@type":"WebSite","@id":"https:\/\/cnsfg.cat\/en\/#website","url":"https:\/\/cnsfg.cat\/en\/","name":"Club N\u00e0utic Sant Feliu de Guixols","description":"Club n\u00e0utic amb m\u00e9s de 400 amarradors a Sant Feliu de Guixols, Costa Brava.","publisher":{"@id":"https:\/\/cnsfg.cat\/en\/#organization"},"potentialAction":[{"@type":"SearchAction","target":{"@type":"EntryPoint","urlTemplate":"https:\/\/cnsfg.cat\/en\/?s={search_term_string}"},"query-input":{"@type":"PropertyValueSpecification","valueRequired":true,"valueName":"search_term_string"}}],"inLanguage":"en-US"},{"@type":"Organization","@id":"https:\/\/cnsfg.cat\/en\/#organization","name":"Club Na\u00f9tic Sant Feliu de Guixols","url":"https:\/\/cnsfg.cat\/en\/","logo":{"@type":"ImageObject","inLanguage":"en-US","@id":"https:\/\/cnsfg.cat\/en\/#\/schema\/logo\/image\/","url":"https:\/\/cnsfg.cat\/wp-content\/uploads\/2020\/03\/LOGO_CNSFG_180.png","contentUrl":"https:\/\/cnsfg.cat\/wp-content\/uploads\/2020\/03\/LOGO_CNSFG_180.png","width":180,"height":71,"caption":"Club Na\u00f9tic Sant Feliu de Guixols"},"image":{"@id":"https:\/\/cnsfg.cat\/en\/#\/schema\/logo\/image\/"},"sameAs":["https:\/\/www.facebook.com\/Club-N\u00e0utic-Sant-Feliu-525823567569507\/","https:\/\/x.com\/NauticSantFeliu"]},{"@type":"Person","@id":"https:\/\/cnsfg.cat\/en\/#\/schema\/person\/4692ae1497c51d70b33ac922e8c6c488","name":"Joana Valent","image":{"@type":"ImageObject","inLanguage":"en-US","@id":"https:\/\/secure.gravatar.com\/avatar\/5f78539fa1bea92ad6051500b1db1b0b36a8ee6743e42e6d8515ef5eee33904b?s=96&d=mm&r=g","url":"https:\/\/secure.gravatar.com\/avatar\/5f78539fa1bea92ad6051500b1db1b0b36a8ee6743e42e6d8515ef5eee33904b?s=96&d=mm&r=g","contentUrl":"https:\/\/secure.gravatar.com\/avatar\/5f78539fa1bea92ad6051500b1db1b0b36a8ee6743e42e6d8515ef5eee33904b?s=96&d=mm&r=g","caption":"Joana Valent"}}]}},"_links":{"self":[{"href":"https:\/\/cnsfg.cat\/en\/wp-json\/wp\/v2\/posts\/402891","targetHints":{"allow":["GET"]}}],"collection":[{"href":"https:\/\/cnsfg.cat\/en\/wp-json\/wp\/v2\/posts"}],"about":[{"href":"https:\/\/cnsfg.cat\/en\/wp-json\/wp\/v2\/types\/post"}],"author":[{"embeddable":true,"href":"https:\/\/cnsfg.cat\/en\/wp-json\/wp\/v2\/users\/21"}],"replies":[{"embeddable":true,"href":"https:\/\/cnsfg.cat\/en\/wp-json\/wp\/v2\/comments?post=402891"}],"version-history":[{"count":0,"href":"https:\/\/cnsfg.cat\/en\/wp-json\/wp\/v2\/posts\/402891\/revisions"}],"wp:featuredmedia":[{"embeddable":true,"href":"https:\/\/cnsfg.cat\/en\/wp-json\/wp\/v2\/media\/402885"}],"wp:attachment":[{"href":"https:\/\/cnsfg.cat\/en\/wp-json\/wp\/v2\/media?parent=402891"}],"wp:term":[{"taxonomy":"category","embeddable":true,"href":"https:\/\/cnsfg.cat\/en\/wp-json\/wp\/v2\/categories?post=402891"},{"taxonomy":"post_tag","embeddable":true,"href":"https:\/\/cnsfg.cat\/en\/wp-json\/wp\/v2\/tags?post=402891"}],"curies":[{"name":"wp","href":"https:\/\/api.w.org\/{rel}","templated":true}]}}