{"id":349353,"date":"2021-05-24T09:21:29","date_gmt":"2021-05-24T07:21:29","guid":{"rendered":"https:\/\/cnsfg.cat\/izan-codinachs-y-marcel-marfa-triomfan-en-linternational-39-lake-garda-meeting-2\/"},"modified":"2022-07-01T12:27:54","modified_gmt":"2022-07-01T10:27:54","slug":"izan-codinachs-y-marcel-marfa-triomfan-en-linternational-39-lake-garda-meeting-2","status":"publish","type":"post","link":"https:\/\/cnsfg.cat\/es\/izan-codinachs-y-marcel-marfa-triomfan-en-linternational-39-lake-garda-meeting-2\/","title":{"rendered":"Izan Codinachs y Marcel Marf\u00e0 triomfan en l&#8217;International 39 Lake Garda Meeting"},"content":{"rendered":"<p>[et_pb_section fb_built=\u00bb1&#8243; admin_label=\u00bbsection\u00bb _builder_version=\u00bb4.14.7&#8243; custom_padding=\u00bb0px||||false|false\u00bb hover_enabled=\u00bb0&#8243; da_disable_devices=\u00bboff|off|off\u00bb global_colors_info=\u00bb{}\u00bb sticky_enabled=\u00bb0&#8243; da_is_popup=\u00bboff\u00bb da_exit_intent=\u00bboff\u00bb da_has_close=\u00bbon\u00bb da_alt_close=\u00bboff\u00bb da_dark_close=\u00bboff\u00bb da_not_modal=\u00bbon\u00bb da_is_singular=\u00bboff\u00bb da_with_loader=\u00bboff\u00bb da_has_shadow=\u00bbon\u00bb][et_pb_row admin_label=\u00bbFila\u00bb _builder_version=\u00bb3.25&#8243; background_size=\u00bbinitial\u00bb background_position=\u00bbtop_left\u00bb background_repeat=\u00bbrepeat\u00bb global_colors_info=\u00bb{}\u00bb][et_pb_column type=\u00bb4_4&#8243; _builder_version=\u00bb3.25&#8243; custom_padding=\u00bb|||\u00bb global_colors_info=\u00bb{}\u00bb custom_padding__hover=\u00bb|||\u00bb][et_pb_text admin_label=\u00bbText\u00bb _builder_version=\u00bb3.27.4&#8243; background_size=\u00bbinitial\u00bb background_position=\u00bbtop_left\u00bb background_repeat=\u00bbrepeat\u00bb global_colors_info=\u00bb{}\u00bb]Espectaculares resultados de los regatistas del Club N\u00e1utico Sant Feliu de Gu\u00edxols <strong>Marcel Marf\u00e0<\/strong> e <strong>Izan Codinachs<\/strong> en la Regata Internacional <strong>39 Lake Garda Meeting<\/strong> de Optimist 2021.<\/p>\n<p>En Grupo Oro, Izan ha quedado 3r espa\u00f1ol y 14\u00ba en la clasificaci\u00f3n general.<\/p>\n<p>En Cadete, Marcel se ha impuesto como el primer espa\u00f1ol en la regata.<\/p>\n<p>\u00a1Felicidades campeones!<\/p>\n<p>&nbsp;[\/et_pb_text][\/et_pb_column][\/et_pb_row][\/et_pb_section]<\/p>\n","protected":false},"excerpt":{"rendered":"<p>Espectaculares resultados de los regatistas del Club N\u00e1utico Sant Feliu de Gu\u00edxols Marcel Marf\u00e0 e Izan Codinachs en la Regata Internacional 39 Lake Garda Meeting de Optimist 2021. En Grupo [&hellip;]<\/p>\n","protected":false},"author":5,"featured_media":348285,"comment_status":"open","ping_status":"open","sticky":false,"template":"","format":"standard","meta":{"_et_pb_use_builder":"on","_et_pb_old_content":"","_et_gb_content_width":"","footnotes":""},"categories":[261],"tags":[321],"class_list":["post-349353","post","type-post","status-publish","format-standard","has-post-thumbnail","hentry","category-regatas","tag-lake-garda-es"],"yoast_head":"<!-- This site is optimized with the Yoast SEO plugin v27.5 - https:\/\/yoast.com\/product\/yoast-seo-wordpress\/ -->\n<title>Izan Codinachs y Marcel Marf\u00e0 triomfan en l&#039;International 39 Lake Garda Meeting - Club N\u00e0utic Sant Feliu de Guixols<\/title>\n<meta name=\"robots\" content=\"index, follow, max-snippet:-1, max-image-preview:large, max-video-preview:-1\" \/>\n<link rel=\"canonical\" href=\"https:\/\/cnsfg.cat\/es\/izan-codinachs-y-marcel-marfa-triomfan-en-linternational-39-lake-garda-meeting-2\/\" \/>\n<meta property=\"og:locale\" content=\"es_ES\" \/>\n<meta property=\"og:type\" content=\"article\" \/>\n<meta property=\"og:title\" content=\"Izan Codinachs y Marcel Marf\u00e0 triomfan en l&#039;International 39 Lake Garda Meeting - Club N\u00e0utic Sant Feliu de Guixols\" \/>\n<meta property=\"og:url\" content=\"https:\/\/cnsfg.cat\/es\/izan-codinachs-y-marcel-marfa-triomfan-en-linternational-39-lake-garda-meeting-2\/\" \/>\n<meta property=\"og:site_name\" content=\"Club N\u00e0utic Sant Feliu de Guixols\" \/>\n<meta property=\"article:publisher\" content=\"https:\/\/www.facebook.com\/Club-N%c3%a0utic-Sant-Feliu-525823567569507\/\" \/>\n<meta property=\"article:published_time\" content=\"2021-05-24T07:21:29+00:00\" \/>\n<meta property=\"article:modified_time\" content=\"2022-07-01T10:27:54+00:00\" \/>\n<meta property=\"og:image\" content=\"https:\/\/cnsfg.cat\/wp-content\/uploads\/2021\/05\/WhatsApp-Image-2021-05-24-at-10.58.21.jpeg\" \/>\n\t<meta property=\"og:image:width\" content=\"1600\" \/>\n\t<meta property=\"og:image:height\" content=\"1200\" \/>\n\t<meta property=\"og:image:type\" content=\"image\/jpeg\" \/>\n<meta name=\"author\" content=\"Muriel De Jong\" \/>\n<meta name=\"twitter:card\" content=\"summary_large_image\" \/>\n<meta name=\"twitter:creator\" content=\"@NauticSantFeliu\" \/>\n<meta name=\"twitter:site\" content=\"@NauticSantFeliu\" \/>\n<script type=\"application\/ld+json\" class=\"yoast-schema-graph\">{\"@context\":\"https:\\\/\\\/schema.org\",\"@graph\":[{\"@type\":\"Article\",\"@id\":\"https:\\\/\\\/cnsfg.cat\\\/es\\\/izan-codinachs-y-marcel-marfa-triomfan-en-linternational-39-lake-garda-meeting-2\\\/#article\",\"isPartOf\":{\"@id\":\"https:\\\/\\\/cnsfg.cat\\\/es\\\/izan-codinachs-y-marcel-marfa-triomfan-en-linternational-39-lake-garda-meeting-2\\\/\"},\"author\":{\"name\":\"Muriel De Jong\",\"@id\":\"https:\\\/\\\/cnsfg.cat\\\/es\\\/#\\\/schema\\\/person\\\/55df709ae42148f6126825d43278d2f3\"},\"headline\":\"Izan Codinachs y Marcel Marf\u00e0 triomfan en l&#8217;International 39 Lake Garda Meeting\",\"datePublished\":\"2021-05-24T07:21:29+00:00\",\"dateModified\":\"2022-07-01T10:27:54+00:00\",\"mainEntityOfPage\":{\"@id\":\"https:\\\/\\\/cnsfg.cat\\\/es\\\/izan-codinachs-y-marcel-marfa-triomfan-en-linternational-39-lake-garda-meeting-2\\\/\"},\"wordCount\":203,\"commentCount\":0,\"publisher\":{\"@id\":\"https:\\\/\\\/cnsfg.cat\\\/es\\\/#organization\"},\"image\":{\"@id\":\"https:\\\/\\\/cnsfg.cat\\\/es\\\/izan-codinachs-y-marcel-marfa-triomfan-en-linternational-39-lake-garda-meeting-2\\\/#primaryimage\"},\"thumbnailUrl\":\"https:\\\/\\\/cnsfg.cat\\\/wp-content\\\/uploads\\\/2021\\\/05\\\/WhatsApp-Image-2021-05-24-at-10.58.21.jpeg\",\"keywords\":[\"Lake Garda\"],\"articleSection\":[\"Regatas\"],\"inLanguage\":\"es\",\"potentialAction\":[{\"@type\":\"CommentAction\",\"name\":\"Comment\",\"target\":[\"https:\\\/\\\/cnsfg.cat\\\/es\\\/izan-codinachs-y-marcel-marfa-triomfan-en-linternational-39-lake-garda-meeting-2\\\/#respond\"]}]},{\"@type\":\"WebPage\",\"@id\":\"https:\\\/\\\/cnsfg.cat\\\/es\\\/izan-codinachs-y-marcel-marfa-triomfan-en-linternational-39-lake-garda-meeting-2\\\/\",\"url\":\"https:\\\/\\\/cnsfg.cat\\\/es\\\/izan-codinachs-y-marcel-marfa-triomfan-en-linternational-39-lake-garda-meeting-2\\\/\",\"name\":\"Izan Codinachs y Marcel Marf\u00e0 triomfan en l'International 39 Lake Garda Meeting - Club N\u00e0utic Sant Feliu de Guixols\",\"isPartOf\":{\"@id\":\"https:\\\/\\\/cnsfg.cat\\\/es\\\/#website\"},\"primaryImageOfPage\":{\"@id\":\"https:\\\/\\\/cnsfg.cat\\\/es\\\/izan-codinachs-y-marcel-marfa-triomfan-en-linternational-39-lake-garda-meeting-2\\\/#primaryimage\"},\"image\":{\"@id\":\"https:\\\/\\\/cnsfg.cat\\\/es\\\/izan-codinachs-y-marcel-marfa-triomfan-en-linternational-39-lake-garda-meeting-2\\\/#primaryimage\"},\"thumbnailUrl\":\"https:\\\/\\\/cnsfg.cat\\\/wp-content\\\/uploads\\\/2021\\\/05\\\/WhatsApp-Image-2021-05-24-at-10.58.21.jpeg\",\"datePublished\":\"2021-05-24T07:21:29+00:00\",\"dateModified\":\"2022-07-01T10:27:54+00:00\",\"breadcrumb\":{\"@id\":\"https:\\\/\\\/cnsfg.cat\\\/es\\\/izan-codinachs-y-marcel-marfa-triomfan-en-linternational-39-lake-garda-meeting-2\\\/#breadcrumb\"},\"inLanguage\":\"es\",\"potentialAction\":[{\"@type\":\"ReadAction\",\"target\":[\"https:\\\/\\\/cnsfg.cat\\\/es\\\/izan-codinachs-y-marcel-marfa-triomfan-en-linternational-39-lake-garda-meeting-2\\\/\"]}]},{\"@type\":\"ImageObject\",\"inLanguage\":\"es\",\"@id\":\"https:\\\/\\\/cnsfg.cat\\\/es\\\/izan-codinachs-y-marcel-marfa-triomfan-en-linternational-39-lake-garda-meeting-2\\\/#primaryimage\",\"url\":\"https:\\\/\\\/cnsfg.cat\\\/wp-content\\\/uploads\\\/2021\\\/05\\\/WhatsApp-Image-2021-05-24-at-10.58.21.jpeg\",\"contentUrl\":\"https:\\\/\\\/cnsfg.cat\\\/wp-content\\\/uploads\\\/2021\\\/05\\\/WhatsApp-Image-2021-05-24-at-10.58.21.jpeg\",\"width\":1600,\"height\":1200},{\"@type\":\"BreadcrumbList\",\"@id\":\"https:\\\/\\\/cnsfg.cat\\\/es\\\/izan-codinachs-y-marcel-marfa-triomfan-en-linternational-39-lake-garda-meeting-2\\\/#breadcrumb\",\"itemListElement\":[{\"@type\":\"ListItem\",\"position\":1,\"name\":\"Portada\",\"item\":\"https:\\\/\\\/cnsfg.cat\\\/es\\\/\"},{\"@type\":\"ListItem\",\"position\":2,\"name\":\"Izan Codinachs y Marcel Marf\u00e0 triomfan en l&#8217;International 39 Lake Garda Meeting\"}]},{\"@type\":\"WebSite\",\"@id\":\"https:\\\/\\\/cnsfg.cat\\\/es\\\/#website\",\"url\":\"https:\\\/\\\/cnsfg.cat\\\/es\\\/\",\"name\":\"Club N\u00e0utic Sant Feliu de Guixols\",\"description\":\"Club N\u00e0utic Sant Feliu de Guixols\",\"publisher\":{\"@id\":\"https:\\\/\\\/cnsfg.cat\\\/es\\\/#organization\"},\"potentialAction\":[{\"@type\":\"SearchAction\",\"target\":{\"@type\":\"EntryPoint\",\"urlTemplate\":\"https:\\\/\\\/cnsfg.cat\\\/es\\\/?s={search_term_string}\"},\"query-input\":{\"@type\":\"PropertyValueSpecification\",\"valueRequired\":true,\"valueName\":\"search_term_string\"}}],\"inLanguage\":\"es\"},{\"@type\":\"Organization\",\"@id\":\"https:\\\/\\\/cnsfg.cat\\\/es\\\/#organization\",\"name\":\"Club Na\u00f9tic Sant Feliu de Guixols\",\"url\":\"https:\\\/\\\/cnsfg.cat\\\/es\\\/\",\"logo\":{\"@type\":\"ImageObject\",\"inLanguage\":\"es\",\"@id\":\"https:\\\/\\\/cnsfg.cat\\\/es\\\/#\\\/schema\\\/logo\\\/image\\\/\",\"url\":\"https:\\\/\\\/cnsfg.cat\\\/wp-content\\\/uploads\\\/2020\\\/03\\\/LOGO_CNSFG_180.png\",\"contentUrl\":\"https:\\\/\\\/cnsfg.cat\\\/wp-content\\\/uploads\\\/2020\\\/03\\\/LOGO_CNSFG_180.png\",\"width\":180,\"height\":71,\"caption\":\"Club Na\u00f9tic Sant Feliu de Guixols\"},\"image\":{\"@id\":\"https:\\\/\\\/cnsfg.cat\\\/es\\\/#\\\/schema\\\/logo\\\/image\\\/\"},\"sameAs\":[\"https:\\\/\\\/www.facebook.com\\\/Club-N\u00e0utic-Sant-Feliu-525823567569507\\\/\",\"https:\\\/\\\/x.com\\\/NauticSantFeliu\"]},{\"@type\":\"Person\",\"@id\":\"https:\\\/\\\/cnsfg.cat\\\/es\\\/#\\\/schema\\\/person\\\/55df709ae42148f6126825d43278d2f3\",\"name\":\"Muriel De Jong\",\"image\":{\"@type\":\"ImageObject\",\"inLanguage\":\"es\",\"@id\":\"https:\\\/\\\/secure.gravatar.com\\\/avatar\\\/2c526856dc32b071bfa579fa4c5a2de001bcc4db7d16bfe78da4798d5e1f1eba?s=96&d=mm&r=g\",\"url\":\"https:\\\/\\\/secure.gravatar.com\\\/avatar\\\/2c526856dc32b071bfa579fa4c5a2de001bcc4db7d16bfe78da4798d5e1f1eba?s=96&d=mm&r=g\",\"contentUrl\":\"https:\\\/\\\/secure.gravatar.com\\\/avatar\\\/2c526856dc32b071bfa579fa4c5a2de001bcc4db7d16bfe78da4798d5e1f1eba?s=96&d=mm&r=g\",\"caption\":\"Muriel De Jong\"}}]}<\/script>\n<!-- \/ Yoast SEO plugin. -->","yoast_head_json":{"title":"Izan Codinachs y Marcel Marf\u00e0 triomfan en l'International 39 Lake Garda Meeting - Club N\u00e0utic Sant Feliu de Guixols","robots":{"index":"index","follow":"follow","max-snippet":"max-snippet:-1","max-image-preview":"max-image-preview:large","max-video-preview":"max-video-preview:-1"},"canonical":"https:\/\/cnsfg.cat\/es\/izan-codinachs-y-marcel-marfa-triomfan-en-linternational-39-lake-garda-meeting-2\/","og_locale":"es_ES","og_type":"article","og_title":"Izan Codinachs y Marcel Marf\u00e0 triomfan en l'International 39 Lake Garda Meeting - Club N\u00e0utic Sant Feliu de Guixols","og_url":"https:\/\/cnsfg.cat\/es\/izan-codinachs-y-marcel-marfa-triomfan-en-linternational-39-lake-garda-meeting-2\/","og_site_name":"Club N\u00e0utic Sant Feliu de Guixols","article_publisher":"https:\/\/www.facebook.com\/Club-N%c3%a0utic-Sant-Feliu-525823567569507\/","article_published_time":"2021-05-24T07:21:29+00:00","article_modified_time":"2022-07-01T10:27:54+00:00","og_image":[{"width":1600,"height":1200,"url":"https:\/\/cnsfg.cat\/wp-content\/uploads\/2021\/05\/WhatsApp-Image-2021-05-24-at-10.58.21.jpeg","type":"image\/jpeg"}],"author":"Muriel De Jong","twitter_card":"summary_large_image","twitter_creator":"@NauticSantFeliu","twitter_site":"@NauticSantFeliu","schema":{"@context":"https:\/\/schema.org","@graph":[{"@type":"Article","@id":"https:\/\/cnsfg.cat\/es\/izan-codinachs-y-marcel-marfa-triomfan-en-linternational-39-lake-garda-meeting-2\/#article","isPartOf":{"@id":"https:\/\/cnsfg.cat\/es\/izan-codinachs-y-marcel-marfa-triomfan-en-linternational-39-lake-garda-meeting-2\/"},"author":{"name":"Muriel De Jong","@id":"https:\/\/cnsfg.cat\/es\/#\/schema\/person\/55df709ae42148f6126825d43278d2f3"},"headline":"Izan Codinachs y Marcel Marf\u00e0 triomfan en l&#8217;International 39 Lake Garda Meeting","datePublished":"2021-05-24T07:21:29+00:00","dateModified":"2022-07-01T10:27:54+00:00","mainEntityOfPage":{"@id":"https:\/\/cnsfg.cat\/es\/izan-codinachs-y-marcel-marfa-triomfan-en-linternational-39-lake-garda-meeting-2\/"},"wordCount":203,"commentCount":0,"publisher":{"@id":"https:\/\/cnsfg.cat\/es\/#organization"},"image":{"@id":"https:\/\/cnsfg.cat\/es\/izan-codinachs-y-marcel-marfa-triomfan-en-linternational-39-lake-garda-meeting-2\/#primaryimage"},"thumbnailUrl":"https:\/\/cnsfg.cat\/wp-content\/uploads\/2021\/05\/WhatsApp-Image-2021-05-24-at-10.58.21.jpeg","keywords":["Lake Garda"],"articleSection":["Regatas"],"inLanguage":"es","potentialAction":[{"@type":"CommentAction","name":"Comment","target":["https:\/\/cnsfg.cat\/es\/izan-codinachs-y-marcel-marfa-triomfan-en-linternational-39-lake-garda-meeting-2\/#respond"]}]},{"@type":"WebPage","@id":"https:\/\/cnsfg.cat\/es\/izan-codinachs-y-marcel-marfa-triomfan-en-linternational-39-lake-garda-meeting-2\/","url":"https:\/\/cnsfg.cat\/es\/izan-codinachs-y-marcel-marfa-triomfan-en-linternational-39-lake-garda-meeting-2\/","name":"Izan Codinachs y Marcel Marf\u00e0 triomfan en l'International 39 Lake Garda Meeting - Club N\u00e0utic Sant Feliu de Guixols","isPartOf":{"@id":"https:\/\/cnsfg.cat\/es\/#website"},"primaryImageOfPage":{"@id":"https:\/\/cnsfg.cat\/es\/izan-codinachs-y-marcel-marfa-triomfan-en-linternational-39-lake-garda-meeting-2\/#primaryimage"},"image":{"@id":"https:\/\/cnsfg.cat\/es\/izan-codinachs-y-marcel-marfa-triomfan-en-linternational-39-lake-garda-meeting-2\/#primaryimage"},"thumbnailUrl":"https:\/\/cnsfg.cat\/wp-content\/uploads\/2021\/05\/WhatsApp-Image-2021-05-24-at-10.58.21.jpeg","datePublished":"2021-05-24T07:21:29+00:00","dateModified":"2022-07-01T10:27:54+00:00","breadcrumb":{"@id":"https:\/\/cnsfg.cat\/es\/izan-codinachs-y-marcel-marfa-triomfan-en-linternational-39-lake-garda-meeting-2\/#breadcrumb"},"inLanguage":"es","potentialAction":[{"@type":"ReadAction","target":["https:\/\/cnsfg.cat\/es\/izan-codinachs-y-marcel-marfa-triomfan-en-linternational-39-lake-garda-meeting-2\/"]}]},{"@type":"ImageObject","inLanguage":"es","@id":"https:\/\/cnsfg.cat\/es\/izan-codinachs-y-marcel-marfa-triomfan-en-linternational-39-lake-garda-meeting-2\/#primaryimage","url":"https:\/\/cnsfg.cat\/wp-content\/uploads\/2021\/05\/WhatsApp-Image-2021-05-24-at-10.58.21.jpeg","contentUrl":"https:\/\/cnsfg.cat\/wp-content\/uploads\/2021\/05\/WhatsApp-Image-2021-05-24-at-10.58.21.jpeg","width":1600,"height":1200},{"@type":"BreadcrumbList","@id":"https:\/\/cnsfg.cat\/es\/izan-codinachs-y-marcel-marfa-triomfan-en-linternational-39-lake-garda-meeting-2\/#breadcrumb","itemListElement":[{"@type":"ListItem","position":1,"name":"Portada","item":"https:\/\/cnsfg.cat\/es\/"},{"@type":"ListItem","position":2,"name":"Izan Codinachs y Marcel Marf\u00e0 triomfan en l&#8217;International 39 Lake Garda Meeting"}]},{"@type":"WebSite","@id":"https:\/\/cnsfg.cat\/es\/#website","url":"https:\/\/cnsfg.cat\/es\/","name":"Club N\u00e0utic Sant Feliu de Guixols","description":"Club N\u00e0utic Sant Feliu de Guixols","publisher":{"@id":"https:\/\/cnsfg.cat\/es\/#organization"},"potentialAction":[{"@type":"SearchAction","target":{"@type":"EntryPoint","urlTemplate":"https:\/\/cnsfg.cat\/es\/?s={search_term_string}"},"query-input":{"@type":"PropertyValueSpecification","valueRequired":true,"valueName":"search_term_string"}}],"inLanguage":"es"},{"@type":"Organization","@id":"https:\/\/cnsfg.cat\/es\/#organization","name":"Club Na\u00f9tic Sant Feliu de Guixols","url":"https:\/\/cnsfg.cat\/es\/","logo":{"@type":"ImageObject","inLanguage":"es","@id":"https:\/\/cnsfg.cat\/es\/#\/schema\/logo\/image\/","url":"https:\/\/cnsfg.cat\/wp-content\/uploads\/2020\/03\/LOGO_CNSFG_180.png","contentUrl":"https:\/\/cnsfg.cat\/wp-content\/uploads\/2020\/03\/LOGO_CNSFG_180.png","width":180,"height":71,"caption":"Club Na\u00f9tic Sant Feliu de Guixols"},"image":{"@id":"https:\/\/cnsfg.cat\/es\/#\/schema\/logo\/image\/"},"sameAs":["https:\/\/www.facebook.com\/Club-N\u00e0utic-Sant-Feliu-525823567569507\/","https:\/\/x.com\/NauticSantFeliu"]},{"@type":"Person","@id":"https:\/\/cnsfg.cat\/es\/#\/schema\/person\/55df709ae42148f6126825d43278d2f3","name":"Muriel De Jong","image":{"@type":"ImageObject","inLanguage":"es","@id":"https:\/\/secure.gravatar.com\/avatar\/2c526856dc32b071bfa579fa4c5a2de001bcc4db7d16bfe78da4798d5e1f1eba?s=96&d=mm&r=g","url":"https:\/\/secure.gravatar.com\/avatar\/2c526856dc32b071bfa579fa4c5a2de001bcc4db7d16bfe78da4798d5e1f1eba?s=96&d=mm&r=g","contentUrl":"https:\/\/secure.gravatar.com\/avatar\/2c526856dc32b071bfa579fa4c5a2de001bcc4db7d16bfe78da4798d5e1f1eba?s=96&d=mm&r=g","caption":"Muriel De Jong"}}]}},"_links":{"self":[{"href":"https:\/\/cnsfg.cat\/es\/wp-json\/wp\/v2\/posts\/349353","targetHints":{"allow":["GET"]}}],"collection":[{"href":"https:\/\/cnsfg.cat\/es\/wp-json\/wp\/v2\/posts"}],"about":[{"href":"https:\/\/cnsfg.cat\/es\/wp-json\/wp\/v2\/types\/post"}],"author":[{"embeddable":true,"href":"https:\/\/cnsfg.cat\/es\/wp-json\/wp\/v2\/users\/5"}],"replies":[{"embeddable":true,"href":"https:\/\/cnsfg.cat\/es\/wp-json\/wp\/v2\/comments?post=349353"}],"version-history":[{"count":0,"href":"https:\/\/cnsfg.cat\/es\/wp-json\/wp\/v2\/posts\/349353\/revisions"}],"wp:featuredmedia":[{"embeddable":true,"href":"https:\/\/cnsfg.cat\/es\/wp-json\/wp\/v2\/media\/348285"}],"wp:attachment":[{"href":"https:\/\/cnsfg.cat\/es\/wp-json\/wp\/v2\/media?parent=349353"}],"wp:term":[{"taxonomy":"category","embeddable":true,"href":"https:\/\/cnsfg.cat\/es\/wp-json\/wp\/v2\/categories?post=349353"},{"taxonomy":"post_tag","embeddable":true,"href":"https:\/\/cnsfg.cat\/es\/wp-json\/wp\/v2\/tags?post=349353"}],"curies":[{"name":"wp","href":"https:\/\/api.w.org\/{rel}","templated":true}]}}