{"id":370050,"date":"2022-07-18T11:56:51","date_gmt":"2022-07-18T09:56:51","guid":{"rendered":"https:\/\/cnsfg.cat\/el-club-nautico-colabora-con-una-exitosa-escuela-de-pesca-de-verano\/"},"modified":"2022-07-18T11:56:51","modified_gmt":"2022-07-18T09:56:51","slug":"el-club-nautico-colabora-con-una-exitosa-escuela-de-pesca-de-verano","status":"publish","type":"post","link":"https:\/\/cnsfg.cat\/es\/el-club-nautico-colabora-con-una-exitosa-escuela-de-pesca-de-verano\/","title":{"rendered":"El Club N\u00e1utico colabora con una exitosa Escuela de Pesca de Verano"},"content":{"rendered":"<p>Los d\u00edas 2, 9 y 16 de julio la<strong>Asociaci\u00f3n Deportiva de Pesca Mar\u00edtima de Sant Feliu de Gu\u00edxols<\/strong> ha realizado como cada a\u00f1o la<strong>Escuela de Pesca de Verano<\/strong> para ni\u00f1os y ni\u00f1as de 7 a 17 a\u00f1os con la colaboraci\u00f3n del <a href=\"http:\/\/www.cnsfg.cat\"><strong>Club N\u00e1utico de Sant Feliu de Gu\u00edxols<\/strong><\/a>, El<a href=\"http:\/\/www.guixols.cat\"><br \/>\n  <strong>Ayuntamiento de Sant Feliu de Gu\u00edxols<\/strong><br \/>\n<\/a>,  <a href=\"http:\/\/www.llopdemar.cat\"><strong>Llops de Mar<\/strong><\/a> y <a href=\"https:\/\/kalikunnan.com\/en\/\"><br \/>\n  <strong>KaliKunnan<\/strong><br \/>\n<\/a>.<\/p>\n<h3>Alta participaci\u00f3n<\/h3>\n<p>En total este a\u00f1o han participado<strong> 44 ni\u00f1os<\/strong> durante los tres d\u00edas del cursillo y 18 se han quedado fuera debido a la alta participaci\u00f3n. Como en todas las ediciones anteriores, los ni\u00f1os han disfrutado de tres d\u00edas de pesca desde embarcaci\u00f3n en las aguas del litoral de Sant Feliu de Gu\u00edxols, concretamente en la zona comprendida entre Cala Vigat\u00e0 y la Punta d&#8217;en Bosc. Durante la escuela han aprendido nociones b\u00e1sicas de pesca, las especies de nuestro litoral, han hecho nuevos amigos y han ido con barca.<\/p>\n<p>Como de costumbre, los dos primeros d\u00edas los ni\u00f1os se han iniciado en la modalidad de pesca desde embarcaci\u00f3n, aprendiendo los montajes b\u00e1sicos y los cebos a utilizar. El tercer d\u00eda se celebr\u00f3 un concurso donde todos los ni\u00f1os fueron premiados y se realiz\u00f3 un pica-pica de hermandad.<\/p>\n<p>La Escuela de Pesca de Verano no habr\u00eda sido posible sin los miembros de la Asociaci\u00f3n Deportiva de Sant Feliu de Gu\u00edxols que han cedido sus embarcaciones y han participado como patrones y monitores con el fin de garantizar que todos los ni\u00f1os disfruten de la pesca deportiva durante los tres d\u00edas.<\/p>\n","protected":false},"excerpt":{"rendered":"<p>Los d\u00edas 2, 9 y 16 de julio laAsociaci\u00f3n Deportiva de Pesca Mar\u00edtima de Sant Feliu de Gu\u00edxols ha realizado como cada a\u00f1o laEscuela de Pesca de Verano para ni\u00f1os [&hellip;]<\/p>\n","protected":false},"author":21,"featured_media":369964,"comment_status":"open","ping_status":"open","sticky":false,"template":"","format":"standard","meta":{"_et_pb_use_builder":"","_et_pb_old_content":"","_et_gb_content_width":"","footnotes":""},"categories":[249],"tags":[661,678],"class_list":["post-370050","post","type-post","status-publish","format-standard","has-post-thumbnail","hentry","category-actividades","tag-club-nautico-es","tag-pesca-es"],"yoast_head":"<!-- This site is optimized with the Yoast SEO plugin v27.5 - https:\/\/yoast.com\/product\/yoast-seo-wordpress\/ -->\n<title>El Club N\u00e1utico colabora con una exitosa Escuela de Pesca de Verano - Club N\u00e0utic Sant Feliu de Guixols<\/title>\n<meta name=\"robots\" content=\"index, follow, max-snippet:-1, max-image-preview:large, max-video-preview:-1\" \/>\n<link rel=\"canonical\" href=\"https:\/\/cnsfg.cat\/es\/el-club-nautico-colabora-con-una-exitosa-escuela-de-pesca-de-verano\/\" \/>\n<meta property=\"og:locale\" content=\"es_ES\" \/>\n<meta property=\"og:type\" content=\"article\" \/>\n<meta property=\"og:title\" content=\"El Club N\u00e1utico colabora con una exitosa Escuela de Pesca de Verano - Club N\u00e0utic Sant Feliu de Guixols\" \/>\n<meta property=\"og:description\" content=\"Los d\u00edas 2, 9 y 16 de julio laAsociaci\u00f3n Deportiva de Pesca Mar\u00edtima de Sant Feliu de Gu\u00edxols ha realizado como cada a\u00f1o laEscuela de Pesca de Verano para ni\u00f1os [&hellip;]\" \/>\n<meta property=\"og:url\" content=\"https:\/\/cnsfg.cat\/es\/el-club-nautico-colabora-con-una-exitosa-escuela-de-pesca-de-verano\/\" \/>\n<meta property=\"og:site_name\" content=\"Club N\u00e0utic Sant Feliu de Guixols\" \/>\n<meta property=\"article:publisher\" content=\"https:\/\/www.facebook.com\/Club-N%c3%a0utic-Sant-Feliu-525823567569507\/\" \/>\n<meta property=\"article:published_time\" content=\"2022-07-18T09:56:51+00:00\" \/>\n<meta property=\"og:image\" content=\"https:\/\/cnsfg.cat\/wp-content\/uploads\/2022\/07\/Escola-pesca-club-nautic.jpg\" \/>\n\t<meta property=\"og:image:width\" content=\"2048\" \/>\n\t<meta property=\"og:image:height\" content=\"1536\" \/>\n\t<meta property=\"og:image:type\" content=\"image\/jpeg\" \/>\n<meta name=\"author\" content=\"Joana Valent\" \/>\n<meta name=\"twitter:card\" content=\"summary_large_image\" \/>\n<meta name=\"twitter:creator\" content=\"@NauticSantFeliu\" \/>\n<meta name=\"twitter:site\" content=\"@NauticSantFeliu\" \/>\n<script type=\"application\/ld+json\" class=\"yoast-schema-graph\">{\"@context\":\"https:\\\/\\\/schema.org\",\"@graph\":[{\"@type\":\"Article\",\"@id\":\"https:\\\/\\\/cnsfg.cat\\\/es\\\/el-club-nautico-colabora-con-una-exitosa-escuela-de-pesca-de-verano\\\/#article\",\"isPartOf\":{\"@id\":\"https:\\\/\\\/cnsfg.cat\\\/es\\\/el-club-nautico-colabora-con-una-exitosa-escuela-de-pesca-de-verano\\\/\"},\"author\":{\"name\":\"Joana Valent\",\"@id\":\"https:\\\/\\\/cnsfg.cat\\\/es\\\/#\\\/schema\\\/person\\\/4692ae1497c51d70b33ac922e8c6c488\"},\"headline\":\"El Club N\u00e1utico colabora con una exitosa Escuela de Pesca de Verano\",\"datePublished\":\"2022-07-18T09:56:51+00:00\",\"mainEntityOfPage\":{\"@id\":\"https:\\\/\\\/cnsfg.cat\\\/es\\\/el-club-nautico-colabora-con-una-exitosa-escuela-de-pesca-de-verano\\\/\"},\"wordCount\":289,\"commentCount\":0,\"publisher\":{\"@id\":\"https:\\\/\\\/cnsfg.cat\\\/es\\\/#organization\"},\"image\":{\"@id\":\"https:\\\/\\\/cnsfg.cat\\\/es\\\/el-club-nautico-colabora-con-una-exitosa-escuela-de-pesca-de-verano\\\/#primaryimage\"},\"thumbnailUrl\":\"https:\\\/\\\/cnsfg.cat\\\/wp-content\\\/uploads\\\/2022\\\/07\\\/Escola-pesca-club-nautic.jpg\",\"keywords\":[\"club n\u00e1utico\",\"pesca\"],\"articleSection\":[\"Actividades\"],\"inLanguage\":\"es\",\"potentialAction\":[{\"@type\":\"CommentAction\",\"name\":\"Comment\",\"target\":[\"https:\\\/\\\/cnsfg.cat\\\/es\\\/el-club-nautico-colabora-con-una-exitosa-escuela-de-pesca-de-verano\\\/#respond\"]}]},{\"@type\":\"WebPage\",\"@id\":\"https:\\\/\\\/cnsfg.cat\\\/es\\\/el-club-nautico-colabora-con-una-exitosa-escuela-de-pesca-de-verano\\\/\",\"url\":\"https:\\\/\\\/cnsfg.cat\\\/es\\\/el-club-nautico-colabora-con-una-exitosa-escuela-de-pesca-de-verano\\\/\",\"name\":\"El Club N\u00e1utico colabora con una exitosa Escuela de Pesca de Verano - Club N\u00e0utic Sant Feliu de Guixols\",\"isPartOf\":{\"@id\":\"https:\\\/\\\/cnsfg.cat\\\/es\\\/#website\"},\"primaryImageOfPage\":{\"@id\":\"https:\\\/\\\/cnsfg.cat\\\/es\\\/el-club-nautico-colabora-con-una-exitosa-escuela-de-pesca-de-verano\\\/#primaryimage\"},\"image\":{\"@id\":\"https:\\\/\\\/cnsfg.cat\\\/es\\\/el-club-nautico-colabora-con-una-exitosa-escuela-de-pesca-de-verano\\\/#primaryimage\"},\"thumbnailUrl\":\"https:\\\/\\\/cnsfg.cat\\\/wp-content\\\/uploads\\\/2022\\\/07\\\/Escola-pesca-club-nautic.jpg\",\"datePublished\":\"2022-07-18T09:56:51+00:00\",\"breadcrumb\":{\"@id\":\"https:\\\/\\\/cnsfg.cat\\\/es\\\/el-club-nautico-colabora-con-una-exitosa-escuela-de-pesca-de-verano\\\/#breadcrumb\"},\"inLanguage\":\"es\",\"potentialAction\":[{\"@type\":\"ReadAction\",\"target\":[\"https:\\\/\\\/cnsfg.cat\\\/es\\\/el-club-nautico-colabora-con-una-exitosa-escuela-de-pesca-de-verano\\\/\"]}]},{\"@type\":\"ImageObject\",\"inLanguage\":\"es\",\"@id\":\"https:\\\/\\\/cnsfg.cat\\\/es\\\/el-club-nautico-colabora-con-una-exitosa-escuela-de-pesca-de-verano\\\/#primaryimage\",\"url\":\"https:\\\/\\\/cnsfg.cat\\\/wp-content\\\/uploads\\\/2022\\\/07\\\/Escola-pesca-club-nautic.jpg\",\"contentUrl\":\"https:\\\/\\\/cnsfg.cat\\\/wp-content\\\/uploads\\\/2022\\\/07\\\/Escola-pesca-club-nautic.jpg\",\"width\":2048,\"height\":1536},{\"@type\":\"BreadcrumbList\",\"@id\":\"https:\\\/\\\/cnsfg.cat\\\/es\\\/el-club-nautico-colabora-con-una-exitosa-escuela-de-pesca-de-verano\\\/#breadcrumb\",\"itemListElement\":[{\"@type\":\"ListItem\",\"position\":1,\"name\":\"Portada\",\"item\":\"https:\\\/\\\/cnsfg.cat\\\/es\\\/\"},{\"@type\":\"ListItem\",\"position\":2,\"name\":\"El Club N\u00e1utico colabora con una exitosa Escuela de Pesca de Verano\"}]},{\"@type\":\"WebSite\",\"@id\":\"https:\\\/\\\/cnsfg.cat\\\/es\\\/#website\",\"url\":\"https:\\\/\\\/cnsfg.cat\\\/es\\\/\",\"name\":\"Club N\u00e0utic Sant Feliu de Guixols\",\"description\":\"Club N\u00e0utic Sant Feliu de Guixols\",\"publisher\":{\"@id\":\"https:\\\/\\\/cnsfg.cat\\\/es\\\/#organization\"},\"potentialAction\":[{\"@type\":\"SearchAction\",\"target\":{\"@type\":\"EntryPoint\",\"urlTemplate\":\"https:\\\/\\\/cnsfg.cat\\\/es\\\/?s={search_term_string}\"},\"query-input\":{\"@type\":\"PropertyValueSpecification\",\"valueRequired\":true,\"valueName\":\"search_term_string\"}}],\"inLanguage\":\"es\"},{\"@type\":\"Organization\",\"@id\":\"https:\\\/\\\/cnsfg.cat\\\/es\\\/#organization\",\"name\":\"Club Na\u00f9tic Sant Feliu de Guixols\",\"url\":\"https:\\\/\\\/cnsfg.cat\\\/es\\\/\",\"logo\":{\"@type\":\"ImageObject\",\"inLanguage\":\"es\",\"@id\":\"https:\\\/\\\/cnsfg.cat\\\/es\\\/#\\\/schema\\\/logo\\\/image\\\/\",\"url\":\"https:\\\/\\\/cnsfg.cat\\\/wp-content\\\/uploads\\\/2020\\\/03\\\/LOGO_CNSFG_180.png\",\"contentUrl\":\"https:\\\/\\\/cnsfg.cat\\\/wp-content\\\/uploads\\\/2020\\\/03\\\/LOGO_CNSFG_180.png\",\"width\":180,\"height\":71,\"caption\":\"Club Na\u00f9tic Sant Feliu de Guixols\"},\"image\":{\"@id\":\"https:\\\/\\\/cnsfg.cat\\\/es\\\/#\\\/schema\\\/logo\\\/image\\\/\"},\"sameAs\":[\"https:\\\/\\\/www.facebook.com\\\/Club-N\u00e0utic-Sant-Feliu-525823567569507\\\/\",\"https:\\\/\\\/x.com\\\/NauticSantFeliu\"]},{\"@type\":\"Person\",\"@id\":\"https:\\\/\\\/cnsfg.cat\\\/es\\\/#\\\/schema\\\/person\\\/4692ae1497c51d70b33ac922e8c6c488\",\"name\":\"Joana Valent\",\"image\":{\"@type\":\"ImageObject\",\"inLanguage\":\"es\",\"@id\":\"https:\\\/\\\/secure.gravatar.com\\\/avatar\\\/5f78539fa1bea92ad6051500b1db1b0b36a8ee6743e42e6d8515ef5eee33904b?s=96&d=mm&r=g\",\"url\":\"https:\\\/\\\/secure.gravatar.com\\\/avatar\\\/5f78539fa1bea92ad6051500b1db1b0b36a8ee6743e42e6d8515ef5eee33904b?s=96&d=mm&r=g\",\"contentUrl\":\"https:\\\/\\\/secure.gravatar.com\\\/avatar\\\/5f78539fa1bea92ad6051500b1db1b0b36a8ee6743e42e6d8515ef5eee33904b?s=96&d=mm&r=g\",\"caption\":\"Joana Valent\"}}]}<\/script>\n<!-- \/ Yoast SEO plugin. -->","yoast_head_json":{"title":"El Club N\u00e1utico colabora con una exitosa Escuela de Pesca de Verano - Club N\u00e0utic Sant Feliu de Guixols","robots":{"index":"index","follow":"follow","max-snippet":"max-snippet:-1","max-image-preview":"max-image-preview:large","max-video-preview":"max-video-preview:-1"},"canonical":"https:\/\/cnsfg.cat\/es\/el-club-nautico-colabora-con-una-exitosa-escuela-de-pesca-de-verano\/","og_locale":"es_ES","og_type":"article","og_title":"El Club N\u00e1utico colabora con una exitosa Escuela de Pesca de Verano - Club N\u00e0utic Sant Feliu de Guixols","og_description":"Los d\u00edas 2, 9 y 16 de julio laAsociaci\u00f3n Deportiva de Pesca Mar\u00edtima de Sant Feliu de Gu\u00edxols ha realizado como cada a\u00f1o laEscuela de Pesca de Verano para ni\u00f1os [&hellip;]","og_url":"https:\/\/cnsfg.cat\/es\/el-club-nautico-colabora-con-una-exitosa-escuela-de-pesca-de-verano\/","og_site_name":"Club N\u00e0utic Sant Feliu de Guixols","article_publisher":"https:\/\/www.facebook.com\/Club-N%c3%a0utic-Sant-Feliu-525823567569507\/","article_published_time":"2022-07-18T09:56:51+00:00","og_image":[{"width":2048,"height":1536,"url":"https:\/\/cnsfg.cat\/wp-content\/uploads\/2022\/07\/Escola-pesca-club-nautic.jpg","type":"image\/jpeg"}],"author":"Joana Valent","twitter_card":"summary_large_image","twitter_creator":"@NauticSantFeliu","twitter_site":"@NauticSantFeliu","schema":{"@context":"https:\/\/schema.org","@graph":[{"@type":"Article","@id":"https:\/\/cnsfg.cat\/es\/el-club-nautico-colabora-con-una-exitosa-escuela-de-pesca-de-verano\/#article","isPartOf":{"@id":"https:\/\/cnsfg.cat\/es\/el-club-nautico-colabora-con-una-exitosa-escuela-de-pesca-de-verano\/"},"author":{"name":"Joana Valent","@id":"https:\/\/cnsfg.cat\/es\/#\/schema\/person\/4692ae1497c51d70b33ac922e8c6c488"},"headline":"El Club N\u00e1utico colabora con una exitosa Escuela de Pesca de Verano","datePublished":"2022-07-18T09:56:51+00:00","mainEntityOfPage":{"@id":"https:\/\/cnsfg.cat\/es\/el-club-nautico-colabora-con-una-exitosa-escuela-de-pesca-de-verano\/"},"wordCount":289,"commentCount":0,"publisher":{"@id":"https:\/\/cnsfg.cat\/es\/#organization"},"image":{"@id":"https:\/\/cnsfg.cat\/es\/el-club-nautico-colabora-con-una-exitosa-escuela-de-pesca-de-verano\/#primaryimage"},"thumbnailUrl":"https:\/\/cnsfg.cat\/wp-content\/uploads\/2022\/07\/Escola-pesca-club-nautic.jpg","keywords":["club n\u00e1utico","pesca"],"articleSection":["Actividades"],"inLanguage":"es","potentialAction":[{"@type":"CommentAction","name":"Comment","target":["https:\/\/cnsfg.cat\/es\/el-club-nautico-colabora-con-una-exitosa-escuela-de-pesca-de-verano\/#respond"]}]},{"@type":"WebPage","@id":"https:\/\/cnsfg.cat\/es\/el-club-nautico-colabora-con-una-exitosa-escuela-de-pesca-de-verano\/","url":"https:\/\/cnsfg.cat\/es\/el-club-nautico-colabora-con-una-exitosa-escuela-de-pesca-de-verano\/","name":"El Club N\u00e1utico colabora con una exitosa Escuela de Pesca de Verano - Club N\u00e0utic Sant Feliu de Guixols","isPartOf":{"@id":"https:\/\/cnsfg.cat\/es\/#website"},"primaryImageOfPage":{"@id":"https:\/\/cnsfg.cat\/es\/el-club-nautico-colabora-con-una-exitosa-escuela-de-pesca-de-verano\/#primaryimage"},"image":{"@id":"https:\/\/cnsfg.cat\/es\/el-club-nautico-colabora-con-una-exitosa-escuela-de-pesca-de-verano\/#primaryimage"},"thumbnailUrl":"https:\/\/cnsfg.cat\/wp-content\/uploads\/2022\/07\/Escola-pesca-club-nautic.jpg","datePublished":"2022-07-18T09:56:51+00:00","breadcrumb":{"@id":"https:\/\/cnsfg.cat\/es\/el-club-nautico-colabora-con-una-exitosa-escuela-de-pesca-de-verano\/#breadcrumb"},"inLanguage":"es","potentialAction":[{"@type":"ReadAction","target":["https:\/\/cnsfg.cat\/es\/el-club-nautico-colabora-con-una-exitosa-escuela-de-pesca-de-verano\/"]}]},{"@type":"ImageObject","inLanguage":"es","@id":"https:\/\/cnsfg.cat\/es\/el-club-nautico-colabora-con-una-exitosa-escuela-de-pesca-de-verano\/#primaryimage","url":"https:\/\/cnsfg.cat\/wp-content\/uploads\/2022\/07\/Escola-pesca-club-nautic.jpg","contentUrl":"https:\/\/cnsfg.cat\/wp-content\/uploads\/2022\/07\/Escola-pesca-club-nautic.jpg","width":2048,"height":1536},{"@type":"BreadcrumbList","@id":"https:\/\/cnsfg.cat\/es\/el-club-nautico-colabora-con-una-exitosa-escuela-de-pesca-de-verano\/#breadcrumb","itemListElement":[{"@type":"ListItem","position":1,"name":"Portada","item":"https:\/\/cnsfg.cat\/es\/"},{"@type":"ListItem","position":2,"name":"El Club N\u00e1utico colabora con una exitosa Escuela de Pesca de Verano"}]},{"@type":"WebSite","@id":"https:\/\/cnsfg.cat\/es\/#website","url":"https:\/\/cnsfg.cat\/es\/","name":"Club N\u00e0utic Sant Feliu de Guixols","description":"Club N\u00e0utic Sant Feliu de Guixols","publisher":{"@id":"https:\/\/cnsfg.cat\/es\/#organization"},"potentialAction":[{"@type":"SearchAction","target":{"@type":"EntryPoint","urlTemplate":"https:\/\/cnsfg.cat\/es\/?s={search_term_string}"},"query-input":{"@type":"PropertyValueSpecification","valueRequired":true,"valueName":"search_term_string"}}],"inLanguage":"es"},{"@type":"Organization","@id":"https:\/\/cnsfg.cat\/es\/#organization","name":"Club Na\u00f9tic Sant Feliu de Guixols","url":"https:\/\/cnsfg.cat\/es\/","logo":{"@type":"ImageObject","inLanguage":"es","@id":"https:\/\/cnsfg.cat\/es\/#\/schema\/logo\/image\/","url":"https:\/\/cnsfg.cat\/wp-content\/uploads\/2020\/03\/LOGO_CNSFG_180.png","contentUrl":"https:\/\/cnsfg.cat\/wp-content\/uploads\/2020\/03\/LOGO_CNSFG_180.png","width":180,"height":71,"caption":"Club Na\u00f9tic Sant Feliu de Guixols"},"image":{"@id":"https:\/\/cnsfg.cat\/es\/#\/schema\/logo\/image\/"},"sameAs":["https:\/\/www.facebook.com\/Club-N\u00e0utic-Sant-Feliu-525823567569507\/","https:\/\/x.com\/NauticSantFeliu"]},{"@type":"Person","@id":"https:\/\/cnsfg.cat\/es\/#\/schema\/person\/4692ae1497c51d70b33ac922e8c6c488","name":"Joana Valent","image":{"@type":"ImageObject","inLanguage":"es","@id":"https:\/\/secure.gravatar.com\/avatar\/5f78539fa1bea92ad6051500b1db1b0b36a8ee6743e42e6d8515ef5eee33904b?s=96&d=mm&r=g","url":"https:\/\/secure.gravatar.com\/avatar\/5f78539fa1bea92ad6051500b1db1b0b36a8ee6743e42e6d8515ef5eee33904b?s=96&d=mm&r=g","contentUrl":"https:\/\/secure.gravatar.com\/avatar\/5f78539fa1bea92ad6051500b1db1b0b36a8ee6743e42e6d8515ef5eee33904b?s=96&d=mm&r=g","caption":"Joana Valent"}}]}},"_links":{"self":[{"href":"https:\/\/cnsfg.cat\/es\/wp-json\/wp\/v2\/posts\/370050","targetHints":{"allow":["GET"]}}],"collection":[{"href":"https:\/\/cnsfg.cat\/es\/wp-json\/wp\/v2\/posts"}],"about":[{"href":"https:\/\/cnsfg.cat\/es\/wp-json\/wp\/v2\/types\/post"}],"author":[{"embeddable":true,"href":"https:\/\/cnsfg.cat\/es\/wp-json\/wp\/v2\/users\/21"}],"replies":[{"embeddable":true,"href":"https:\/\/cnsfg.cat\/es\/wp-json\/wp\/v2\/comments?post=370050"}],"version-history":[{"count":0,"href":"https:\/\/cnsfg.cat\/es\/wp-json\/wp\/v2\/posts\/370050\/revisions"}],"wp:featuredmedia":[{"embeddable":true,"href":"https:\/\/cnsfg.cat\/es\/wp-json\/wp\/v2\/media\/369964"}],"wp:attachment":[{"href":"https:\/\/cnsfg.cat\/es\/wp-json\/wp\/v2\/media?parent=370050"}],"wp:term":[{"taxonomy":"category","embeddable":true,"href":"https:\/\/cnsfg.cat\/es\/wp-json\/wp\/v2\/categories?post=370050"},{"taxonomy":"post_tag","embeddable":true,"href":"https:\/\/cnsfg.cat\/es\/wp-json\/wp\/v2\/tags?post=370050"}],"curies":[{"name":"wp","href":"https:\/\/api.w.org\/{rel}","templated":true}]}}