{"id":400691,"date":"2024-07-17T11:32:13","date_gmt":"2024-07-17T09:32:13","guid":{"rendered":"https:\/\/cnsfg.cat\/38-ninos-y-ninas-participan-en-una-exitosa-escuela-de-pesca-de-verano\/"},"modified":"2024-07-17T11:32:13","modified_gmt":"2024-07-17T09:32:13","slug":"38-ninos-y-ninas-participan-en-una-exitosa-escuela-de-pesca-de-verano","status":"publish","type":"post","link":"https:\/\/cnsfg.cat\/es\/38-ninos-y-ninas-participan-en-una-exitosa-escuela-de-pesca-de-verano\/","title":{"rendered":"38 ni\u00f1os y ni\u00f1as participan en una exitosa Escuela de Pesca de verano"},"content":{"rendered":"<p><img loading=\"lazy\" decoding=\"async\" class=\"size-medium wp-image-400685 alignleft\" src=\"https:\/\/cnsfg.cat\/wp-content\/uploads\/2024\/07\/PHOTO-2024-07-06-14-03-49-225x300.jpg\" alt=\"\" width=\"225\" height=\"300\"><\/p>\n<p>Se cierra una nueva y exitosa 7\u00aa edici\u00f3n de la <strong>Escuela de Pesca de verano<\/strong>. 38 ni\u00f1os y ni\u00f1as de entre 7 y 17 a\u00f1os han participado en este curso de tres d\u00edas impartido por la <a href=\"https:\/\/aepmsfg.com\/\">Asociaci\u00f3n Deportiva de Pesca Mar\u00edtima de Sant Feliu de Gu\u00edxols<\/a> que cuenta con el apoyo del Club N\u00e1utico Sant Feliu.<\/p>\n<h3>El curso<\/h3>\n<p>El objetivo de esta actividad es que puedan disfrutar del mar aprendiendo a pescar, a diferenciar las especies de nuestra costa y a respetar el medio marino. Los dos primeros d\u00edas fueron m\u00e1s did\u00e1cticos. Pudieron pescar y volver al mar los peces que pescaban y despu\u00e9s, una vez en el Club N\u00e1utico, se explicaban sus caracter\u00edsticas, las medidas m\u00ednimas y las singularidades de cada especie.<\/p>\n<p>El tercer d\u00eda se hizo un peque\u00f1o concurso entre barcas y los participantes se pudieron llevar una medalla y el pescado que hab\u00edan pescado para comer.<\/p>\n","protected":false},"excerpt":{"rendered":"<p>Se cierra una nueva y exitosa 7\u00aa edici\u00f3n de la Escuela de Pesca de verano. 38 ni\u00f1os y ni\u00f1as de entre 7 y 17 a\u00f1os han participado en este curso [&hellip;]<\/p>\n","protected":false},"author":21,"featured_media":400684,"comment_status":"closed","ping_status":"closed","sticky":false,"template":"","format":"standard","meta":{"_et_pb_use_builder":"","_et_pb_old_content":"","_et_gb_content_width":"","footnotes":""},"categories":[249],"tags":[1037,678],"class_list":["post-400691","post","type-post","status-publish","format-standard","has-post-thumbnail","hentry","category-actividades","tag-escuela-de-pesca","tag-pesca-es"],"yoast_head":"<!-- This site is optimized with the Yoast SEO plugin v27.5 - https:\/\/yoast.com\/product\/yoast-seo-wordpress\/ -->\n<title>38 ni\u00f1os y ni\u00f1as participan en una exitosa Escuela de Pesca de verano - Club N\u00e0utic Sant Feliu de Guixols<\/title>\n<meta name=\"robots\" content=\"index, follow, max-snippet:-1, max-image-preview:large, max-video-preview:-1\" \/>\n<link rel=\"canonical\" href=\"https:\/\/cnsfg.cat\/es\/38-ninos-y-ninas-participan-en-una-exitosa-escuela-de-pesca-de-verano\/\" \/>\n<meta property=\"og:locale\" content=\"es_ES\" \/>\n<meta property=\"og:type\" content=\"article\" \/>\n<meta property=\"og:title\" content=\"38 ni\u00f1os y ni\u00f1as participan en una exitosa Escuela de Pesca de verano - Club N\u00e0utic Sant Feliu de Guixols\" \/>\n<meta property=\"og:description\" content=\"Se cierra una nueva y exitosa 7\u00aa edici\u00f3n de la Escuela de Pesca de verano. 38 ni\u00f1os y ni\u00f1as de entre 7 y 17 a\u00f1os han participado en este curso [&hellip;]\" \/>\n<meta property=\"og:url\" content=\"https:\/\/cnsfg.cat\/es\/38-ninos-y-ninas-participan-en-una-exitosa-escuela-de-pesca-de-verano\/\" \/>\n<meta property=\"og:site_name\" content=\"Club N\u00e0utic Sant Feliu de Guixols\" \/>\n<meta property=\"article:publisher\" content=\"https:\/\/www.facebook.com\/Club-N%c3%a0utic-Sant-Feliu-525823567569507\/\" \/>\n<meta property=\"article:published_time\" content=\"2024-07-17T09:32:13+00:00\" \/>\n<meta property=\"og:image\" content=\"https:\/\/cnsfg.cat\/wp-content\/uploads\/2024\/07\/PHOTO-2024-07-14-11-33-01.jpg\" \/>\n\t<meta property=\"og:image:width\" content=\"1600\" \/>\n\t<meta property=\"og:image:height\" content=\"1200\" \/>\n\t<meta property=\"og:image:type\" content=\"image\/jpeg\" \/>\n<meta name=\"author\" content=\"Joana Valent\" \/>\n<meta name=\"twitter:card\" content=\"summary_large_image\" \/>\n<meta name=\"twitter:creator\" content=\"@NauticSantFeliu\" \/>\n<meta name=\"twitter:site\" content=\"@NauticSantFeliu\" \/>\n<script type=\"application\/ld+json\" class=\"yoast-schema-graph\">{\"@context\":\"https:\\\/\\\/schema.org\",\"@graph\":[{\"@type\":\"Article\",\"@id\":\"https:\\\/\\\/cnsfg.cat\\\/es\\\/38-ninos-y-ninas-participan-en-una-exitosa-escuela-de-pesca-de-verano\\\/#article\",\"isPartOf\":{\"@id\":\"https:\\\/\\\/cnsfg.cat\\\/es\\\/38-ninos-y-ninas-participan-en-una-exitosa-escuela-de-pesca-de-verano\\\/\"},\"author\":{\"name\":\"Joana Valent\",\"@id\":\"https:\\\/\\\/cnsfg.cat\\\/es\\\/#\\\/schema\\\/person\\\/4692ae1497c51d70b33ac922e8c6c488\"},\"headline\":\"38 ni\u00f1os y ni\u00f1as participan en una exitosa Escuela de Pesca de verano\",\"datePublished\":\"2024-07-17T09:32:13+00:00\",\"mainEntityOfPage\":{\"@id\":\"https:\\\/\\\/cnsfg.cat\\\/es\\\/38-ninos-y-ninas-participan-en-una-exitosa-escuela-de-pesca-de-verano\\\/\"},\"wordCount\":178,\"publisher\":{\"@id\":\"https:\\\/\\\/cnsfg.cat\\\/es\\\/#organization\"},\"image\":{\"@id\":\"https:\\\/\\\/cnsfg.cat\\\/es\\\/38-ninos-y-ninas-participan-en-una-exitosa-escuela-de-pesca-de-verano\\\/#primaryimage\"},\"thumbnailUrl\":\"https:\\\/\\\/cnsfg.cat\\\/wp-content\\\/uploads\\\/2024\\\/07\\\/PHOTO-2024-07-14-11-33-01.jpg\",\"keywords\":[\"escuela de pesca\",\"pesca\"],\"articleSection\":[\"Actividades\"],\"inLanguage\":\"es\"},{\"@type\":\"WebPage\",\"@id\":\"https:\\\/\\\/cnsfg.cat\\\/es\\\/38-ninos-y-ninas-participan-en-una-exitosa-escuela-de-pesca-de-verano\\\/\",\"url\":\"https:\\\/\\\/cnsfg.cat\\\/es\\\/38-ninos-y-ninas-participan-en-una-exitosa-escuela-de-pesca-de-verano\\\/\",\"name\":\"38 ni\u00f1os y ni\u00f1as participan en una exitosa Escuela de Pesca de verano - Club N\u00e0utic Sant Feliu de Guixols\",\"isPartOf\":{\"@id\":\"https:\\\/\\\/cnsfg.cat\\\/es\\\/#website\"},\"primaryImageOfPage\":{\"@id\":\"https:\\\/\\\/cnsfg.cat\\\/es\\\/38-ninos-y-ninas-participan-en-una-exitosa-escuela-de-pesca-de-verano\\\/#primaryimage\"},\"image\":{\"@id\":\"https:\\\/\\\/cnsfg.cat\\\/es\\\/38-ninos-y-ninas-participan-en-una-exitosa-escuela-de-pesca-de-verano\\\/#primaryimage\"},\"thumbnailUrl\":\"https:\\\/\\\/cnsfg.cat\\\/wp-content\\\/uploads\\\/2024\\\/07\\\/PHOTO-2024-07-14-11-33-01.jpg\",\"datePublished\":\"2024-07-17T09:32:13+00:00\",\"breadcrumb\":{\"@id\":\"https:\\\/\\\/cnsfg.cat\\\/es\\\/38-ninos-y-ninas-participan-en-una-exitosa-escuela-de-pesca-de-verano\\\/#breadcrumb\"},\"inLanguage\":\"es\",\"potentialAction\":[{\"@type\":\"ReadAction\",\"target\":[\"https:\\\/\\\/cnsfg.cat\\\/es\\\/38-ninos-y-ninas-participan-en-una-exitosa-escuela-de-pesca-de-verano\\\/\"]}]},{\"@type\":\"ImageObject\",\"inLanguage\":\"es\",\"@id\":\"https:\\\/\\\/cnsfg.cat\\\/es\\\/38-ninos-y-ninas-participan-en-una-exitosa-escuela-de-pesca-de-verano\\\/#primaryimage\",\"url\":\"https:\\\/\\\/cnsfg.cat\\\/wp-content\\\/uploads\\\/2024\\\/07\\\/PHOTO-2024-07-14-11-33-01.jpg\",\"contentUrl\":\"https:\\\/\\\/cnsfg.cat\\\/wp-content\\\/uploads\\\/2024\\\/07\\\/PHOTO-2024-07-14-11-33-01.jpg\",\"width\":1600,\"height\":1200},{\"@type\":\"BreadcrumbList\",\"@id\":\"https:\\\/\\\/cnsfg.cat\\\/es\\\/38-ninos-y-ninas-participan-en-una-exitosa-escuela-de-pesca-de-verano\\\/#breadcrumb\",\"itemListElement\":[{\"@type\":\"ListItem\",\"position\":1,\"name\":\"Portada\",\"item\":\"https:\\\/\\\/cnsfg.cat\\\/es\\\/\"},{\"@type\":\"ListItem\",\"position\":2,\"name\":\"38 ni\u00f1os y ni\u00f1as participan en una exitosa Escuela de Pesca de verano\"}]},{\"@type\":\"WebSite\",\"@id\":\"https:\\\/\\\/cnsfg.cat\\\/es\\\/#website\",\"url\":\"https:\\\/\\\/cnsfg.cat\\\/es\\\/\",\"name\":\"Club N\u00e0utic Sant Feliu de Guixols\",\"description\":\"Club N\u00e0utic Sant Feliu de Guixols\",\"publisher\":{\"@id\":\"https:\\\/\\\/cnsfg.cat\\\/es\\\/#organization\"},\"potentialAction\":[{\"@type\":\"SearchAction\",\"target\":{\"@type\":\"EntryPoint\",\"urlTemplate\":\"https:\\\/\\\/cnsfg.cat\\\/es\\\/?s={search_term_string}\"},\"query-input\":{\"@type\":\"PropertyValueSpecification\",\"valueRequired\":true,\"valueName\":\"search_term_string\"}}],\"inLanguage\":\"es\"},{\"@type\":\"Organization\",\"@id\":\"https:\\\/\\\/cnsfg.cat\\\/es\\\/#organization\",\"name\":\"Club Na\u00f9tic Sant Feliu de Guixols\",\"url\":\"https:\\\/\\\/cnsfg.cat\\\/es\\\/\",\"logo\":{\"@type\":\"ImageObject\",\"inLanguage\":\"es\",\"@id\":\"https:\\\/\\\/cnsfg.cat\\\/es\\\/#\\\/schema\\\/logo\\\/image\\\/\",\"url\":\"https:\\\/\\\/cnsfg.cat\\\/wp-content\\\/uploads\\\/2020\\\/03\\\/LOGO_CNSFG_180.png\",\"contentUrl\":\"https:\\\/\\\/cnsfg.cat\\\/wp-content\\\/uploads\\\/2020\\\/03\\\/LOGO_CNSFG_180.png\",\"width\":180,\"height\":71,\"caption\":\"Club Na\u00f9tic Sant Feliu de Guixols\"},\"image\":{\"@id\":\"https:\\\/\\\/cnsfg.cat\\\/es\\\/#\\\/schema\\\/logo\\\/image\\\/\"},\"sameAs\":[\"https:\\\/\\\/www.facebook.com\\\/Club-N\u00e0utic-Sant-Feliu-525823567569507\\\/\",\"https:\\\/\\\/x.com\\\/NauticSantFeliu\"]},{\"@type\":\"Person\",\"@id\":\"https:\\\/\\\/cnsfg.cat\\\/es\\\/#\\\/schema\\\/person\\\/4692ae1497c51d70b33ac922e8c6c488\",\"name\":\"Joana Valent\",\"image\":{\"@type\":\"ImageObject\",\"inLanguage\":\"es\",\"@id\":\"https:\\\/\\\/secure.gravatar.com\\\/avatar\\\/5f78539fa1bea92ad6051500b1db1b0b36a8ee6743e42e6d8515ef5eee33904b?s=96&d=mm&r=g\",\"url\":\"https:\\\/\\\/secure.gravatar.com\\\/avatar\\\/5f78539fa1bea92ad6051500b1db1b0b36a8ee6743e42e6d8515ef5eee33904b?s=96&d=mm&r=g\",\"contentUrl\":\"https:\\\/\\\/secure.gravatar.com\\\/avatar\\\/5f78539fa1bea92ad6051500b1db1b0b36a8ee6743e42e6d8515ef5eee33904b?s=96&d=mm&r=g\",\"caption\":\"Joana Valent\"}}]}<\/script>\n<!-- \/ Yoast SEO plugin. -->","yoast_head_json":{"title":"38 ni\u00f1os y ni\u00f1as participan en una exitosa Escuela de Pesca de verano - Club N\u00e0utic Sant Feliu de Guixols","robots":{"index":"index","follow":"follow","max-snippet":"max-snippet:-1","max-image-preview":"max-image-preview:large","max-video-preview":"max-video-preview:-1"},"canonical":"https:\/\/cnsfg.cat\/es\/38-ninos-y-ninas-participan-en-una-exitosa-escuela-de-pesca-de-verano\/","og_locale":"es_ES","og_type":"article","og_title":"38 ni\u00f1os y ni\u00f1as participan en una exitosa Escuela de Pesca de verano - Club N\u00e0utic Sant Feliu de Guixols","og_description":"Se cierra una nueva y exitosa 7\u00aa edici\u00f3n de la Escuela de Pesca de verano. 38 ni\u00f1os y ni\u00f1as de entre 7 y 17 a\u00f1os han participado en este curso [&hellip;]","og_url":"https:\/\/cnsfg.cat\/es\/38-ninos-y-ninas-participan-en-una-exitosa-escuela-de-pesca-de-verano\/","og_site_name":"Club N\u00e0utic Sant Feliu de Guixols","article_publisher":"https:\/\/www.facebook.com\/Club-N%c3%a0utic-Sant-Feliu-525823567569507\/","article_published_time":"2024-07-17T09:32:13+00:00","og_image":[{"width":1600,"height":1200,"url":"https:\/\/cnsfg.cat\/wp-content\/uploads\/2024\/07\/PHOTO-2024-07-14-11-33-01.jpg","type":"image\/jpeg"}],"author":"Joana Valent","twitter_card":"summary_large_image","twitter_creator":"@NauticSantFeliu","twitter_site":"@NauticSantFeliu","schema":{"@context":"https:\/\/schema.org","@graph":[{"@type":"Article","@id":"https:\/\/cnsfg.cat\/es\/38-ninos-y-ninas-participan-en-una-exitosa-escuela-de-pesca-de-verano\/#article","isPartOf":{"@id":"https:\/\/cnsfg.cat\/es\/38-ninos-y-ninas-participan-en-una-exitosa-escuela-de-pesca-de-verano\/"},"author":{"name":"Joana Valent","@id":"https:\/\/cnsfg.cat\/es\/#\/schema\/person\/4692ae1497c51d70b33ac922e8c6c488"},"headline":"38 ni\u00f1os y ni\u00f1as participan en una exitosa Escuela de Pesca de verano","datePublished":"2024-07-17T09:32:13+00:00","mainEntityOfPage":{"@id":"https:\/\/cnsfg.cat\/es\/38-ninos-y-ninas-participan-en-una-exitosa-escuela-de-pesca-de-verano\/"},"wordCount":178,"publisher":{"@id":"https:\/\/cnsfg.cat\/es\/#organization"},"image":{"@id":"https:\/\/cnsfg.cat\/es\/38-ninos-y-ninas-participan-en-una-exitosa-escuela-de-pesca-de-verano\/#primaryimage"},"thumbnailUrl":"https:\/\/cnsfg.cat\/wp-content\/uploads\/2024\/07\/PHOTO-2024-07-14-11-33-01.jpg","keywords":["escuela de pesca","pesca"],"articleSection":["Actividades"],"inLanguage":"es"},{"@type":"WebPage","@id":"https:\/\/cnsfg.cat\/es\/38-ninos-y-ninas-participan-en-una-exitosa-escuela-de-pesca-de-verano\/","url":"https:\/\/cnsfg.cat\/es\/38-ninos-y-ninas-participan-en-una-exitosa-escuela-de-pesca-de-verano\/","name":"38 ni\u00f1os y ni\u00f1as participan en una exitosa Escuela de Pesca de verano - Club N\u00e0utic Sant Feliu de Guixols","isPartOf":{"@id":"https:\/\/cnsfg.cat\/es\/#website"},"primaryImageOfPage":{"@id":"https:\/\/cnsfg.cat\/es\/38-ninos-y-ninas-participan-en-una-exitosa-escuela-de-pesca-de-verano\/#primaryimage"},"image":{"@id":"https:\/\/cnsfg.cat\/es\/38-ninos-y-ninas-participan-en-una-exitosa-escuela-de-pesca-de-verano\/#primaryimage"},"thumbnailUrl":"https:\/\/cnsfg.cat\/wp-content\/uploads\/2024\/07\/PHOTO-2024-07-14-11-33-01.jpg","datePublished":"2024-07-17T09:32:13+00:00","breadcrumb":{"@id":"https:\/\/cnsfg.cat\/es\/38-ninos-y-ninas-participan-en-una-exitosa-escuela-de-pesca-de-verano\/#breadcrumb"},"inLanguage":"es","potentialAction":[{"@type":"ReadAction","target":["https:\/\/cnsfg.cat\/es\/38-ninos-y-ninas-participan-en-una-exitosa-escuela-de-pesca-de-verano\/"]}]},{"@type":"ImageObject","inLanguage":"es","@id":"https:\/\/cnsfg.cat\/es\/38-ninos-y-ninas-participan-en-una-exitosa-escuela-de-pesca-de-verano\/#primaryimage","url":"https:\/\/cnsfg.cat\/wp-content\/uploads\/2024\/07\/PHOTO-2024-07-14-11-33-01.jpg","contentUrl":"https:\/\/cnsfg.cat\/wp-content\/uploads\/2024\/07\/PHOTO-2024-07-14-11-33-01.jpg","width":1600,"height":1200},{"@type":"BreadcrumbList","@id":"https:\/\/cnsfg.cat\/es\/38-ninos-y-ninas-participan-en-una-exitosa-escuela-de-pesca-de-verano\/#breadcrumb","itemListElement":[{"@type":"ListItem","position":1,"name":"Portada","item":"https:\/\/cnsfg.cat\/es\/"},{"@type":"ListItem","position":2,"name":"38 ni\u00f1os y ni\u00f1as participan en una exitosa Escuela de Pesca de verano"}]},{"@type":"WebSite","@id":"https:\/\/cnsfg.cat\/es\/#website","url":"https:\/\/cnsfg.cat\/es\/","name":"Club N\u00e0utic Sant Feliu de Guixols","description":"Club N\u00e0utic Sant Feliu de Guixols","publisher":{"@id":"https:\/\/cnsfg.cat\/es\/#organization"},"potentialAction":[{"@type":"SearchAction","target":{"@type":"EntryPoint","urlTemplate":"https:\/\/cnsfg.cat\/es\/?s={search_term_string}"},"query-input":{"@type":"PropertyValueSpecification","valueRequired":true,"valueName":"search_term_string"}}],"inLanguage":"es"},{"@type":"Organization","@id":"https:\/\/cnsfg.cat\/es\/#organization","name":"Club Na\u00f9tic Sant Feliu de Guixols","url":"https:\/\/cnsfg.cat\/es\/","logo":{"@type":"ImageObject","inLanguage":"es","@id":"https:\/\/cnsfg.cat\/es\/#\/schema\/logo\/image\/","url":"https:\/\/cnsfg.cat\/wp-content\/uploads\/2020\/03\/LOGO_CNSFG_180.png","contentUrl":"https:\/\/cnsfg.cat\/wp-content\/uploads\/2020\/03\/LOGO_CNSFG_180.png","width":180,"height":71,"caption":"Club Na\u00f9tic Sant Feliu de Guixols"},"image":{"@id":"https:\/\/cnsfg.cat\/es\/#\/schema\/logo\/image\/"},"sameAs":["https:\/\/www.facebook.com\/Club-N\u00e0utic-Sant-Feliu-525823567569507\/","https:\/\/x.com\/NauticSantFeliu"]},{"@type":"Person","@id":"https:\/\/cnsfg.cat\/es\/#\/schema\/person\/4692ae1497c51d70b33ac922e8c6c488","name":"Joana Valent","image":{"@type":"ImageObject","inLanguage":"es","@id":"https:\/\/secure.gravatar.com\/avatar\/5f78539fa1bea92ad6051500b1db1b0b36a8ee6743e42e6d8515ef5eee33904b?s=96&d=mm&r=g","url":"https:\/\/secure.gravatar.com\/avatar\/5f78539fa1bea92ad6051500b1db1b0b36a8ee6743e42e6d8515ef5eee33904b?s=96&d=mm&r=g","contentUrl":"https:\/\/secure.gravatar.com\/avatar\/5f78539fa1bea92ad6051500b1db1b0b36a8ee6743e42e6d8515ef5eee33904b?s=96&d=mm&r=g","caption":"Joana Valent"}}]}},"_links":{"self":[{"href":"https:\/\/cnsfg.cat\/es\/wp-json\/wp\/v2\/posts\/400691","targetHints":{"allow":["GET"]}}],"collection":[{"href":"https:\/\/cnsfg.cat\/es\/wp-json\/wp\/v2\/posts"}],"about":[{"href":"https:\/\/cnsfg.cat\/es\/wp-json\/wp\/v2\/types\/post"}],"author":[{"embeddable":true,"href":"https:\/\/cnsfg.cat\/es\/wp-json\/wp\/v2\/users\/21"}],"replies":[{"embeddable":true,"href":"https:\/\/cnsfg.cat\/es\/wp-json\/wp\/v2\/comments?post=400691"}],"version-history":[{"count":0,"href":"https:\/\/cnsfg.cat\/es\/wp-json\/wp\/v2\/posts\/400691\/revisions"}],"wp:featuredmedia":[{"embeddable":true,"href":"https:\/\/cnsfg.cat\/es\/wp-json\/wp\/v2\/media\/400684"}],"wp:attachment":[{"href":"https:\/\/cnsfg.cat\/es\/wp-json\/wp\/v2\/media?parent=400691"}],"wp:term":[{"taxonomy":"category","embeddable":true,"href":"https:\/\/cnsfg.cat\/es\/wp-json\/wp\/v2\/categories?post=400691"},{"taxonomy":"post_tag","embeddable":true,"href":"https:\/\/cnsfg.cat\/es\/wp-json\/wp\/v2\/tags?post=400691"}],"curies":[{"name":"wp","href":"https:\/\/api.w.org\/{rel}","templated":true}]}}