{"id":370149,"date":"2022-07-14T10:41:32","date_gmt":"2022-07-14T08:41:32","guid":{"rendered":"https:\/\/cnsfg.cat\/journee-de-sensibilisation-a-lenvironnement-pour-les-enfants-au-yacht-club\/"},"modified":"2022-07-14T10:41:32","modified_gmt":"2022-07-14T08:41:32","slug":"journee-de-sensibilisation-a-lenvironnement-pour-les-enfants-au-yacht-club","status":"publish","type":"post","link":"https:\/\/cnsfg.cat\/fr\/journee-de-sensibilisation-a-lenvironnement-pour-les-enfants-au-yacht-club\/","title":{"rendered":"Journ\u00e9e de sensibilisation \u00e0 l\u2019environnement pour les enfants au Yacht Club"},"content":{"rendered":"<p>Le <strong>Sant Feliu de Gu\u00edxols Yacht Club organise<\/strong> une <strong>journ\u00e9e de sensibilisation \u00e0 l\u2019environnement pour les enfants<\/strong>. L\u2019\u00e9v\u00e9nement consistera en trois jeux interactifs et aura lieu le samedi 6 ao\u00fbt \u00e0 9h00 dans la zone de voile.<\/p>\n<h3>3 jeux interactifs<\/h3>\n<p>La session consistera en trois dynamiques diff\u00e9rentes du jeu pour conna\u00eetre la faune et la flore de l\u2019environnement de Sant Feliu et \u00e9veiller la conscience environnementale des enfants:<\/p>\n<ul>\n<li>Biodiver\u2019s city game : jeu ax\u00e9 sur la compr\u00e9hension du cycle de vie des poissons qui vivent sur notre c\u00f4te.<\/li>\n<li>Fish Quiz: un jeu de quiz d\u2019\u00e9quipe con\u00e7u pour tester les connaissances des enfants en biologie marine et en protection de l\u2019environnement.<\/li>\n<li>Bioobs: il consistera \u00e0 retirer un mini <a href=\"https:\/\/cnsfg.cat\/primers-15-habitats-biohut-cnsfg\/\">biohut<\/a> sous les jet\u00e9es pour en apprendre davantage sur la vie sous-marine dans le port de Sant Feliu par l\u2019observation. Une fois l\u2019activit\u00e9 termin\u00e9e, toute la faune et la flore seront retourn\u00e9es \u00e0 la mer.<\/li>\n<\/ul>\n","protected":false},"excerpt":{"rendered":"<p>Le Sant Feliu de Gu\u00edxols Yacht Club organise une journ\u00e9e de sensibilisation \u00e0 l\u2019environnement pour les enfants. L\u2019\u00e9v\u00e9nement consistera en trois jeux interactifs et aura lieu le samedi 6 ao\u00fbt [&hellip;]<\/p>\n","protected":false},"author":21,"featured_media":368664,"comment_status":"open","ping_status":"open","sticky":false,"template":"","format":"standard","meta":{"_et_pb_use_builder":"","_et_pb_old_content":"","_et_gb_content_width":"","footnotes":""},"categories":[322],"tags":[681,700,701],"class_list":["post-370149","post","type-post","status-publish","format-standard","has-post-thumbnail","hentry","category-activites","tag-club-nautic-fr","tag-environnement","tag-sensibilisation"],"yoast_head":"<!-- This site is optimized with the Yoast SEO plugin v27.4 - https:\/\/yoast.com\/product\/yoast-seo-wordpress\/ -->\n<title>Journ\u00e9e de sensibilisation \u00e0 l\u2019environnement pour les enfants au Yacht Club - Club N\u00e0utic Sant Feliu de Guixols<\/title>\n<meta name=\"robots\" content=\"index, follow, max-snippet:-1, max-image-preview:large, max-video-preview:-1\" \/>\n<link rel=\"canonical\" href=\"https:\/\/cnsfg.cat\/fr\/journee-de-sensibilisation-a-lenvironnement-pour-les-enfants-au-yacht-club\/\" \/>\n<meta property=\"og:locale\" content=\"fr_FR\" \/>\n<meta property=\"og:type\" content=\"article\" \/>\n<meta property=\"og:title\" content=\"Journ\u00e9e de sensibilisation \u00e0 l\u2019environnement pour les enfants au Yacht Club - Club N\u00e0utic Sant Feliu de Guixols\" \/>\n<meta property=\"og:description\" content=\"Le Sant Feliu de Gu\u00edxols Yacht Club organise une journ\u00e9e de sensibilisation \u00e0 l\u2019environnement pour les enfants. L\u2019\u00e9v\u00e9nement consistera en trois jeux interactifs et aura lieu le samedi 6 ao\u00fbt [&hellip;]\" \/>\n<meta property=\"og:url\" content=\"https:\/\/cnsfg.cat\/fr\/journee-de-sensibilisation-a-lenvironnement-pour-les-enfants-au-yacht-club\/\" \/>\n<meta property=\"og:site_name\" content=\"Club N\u00e0utic Sant Feliu de Guixols\" \/>\n<meta property=\"article:publisher\" content=\"https:\/\/www.facebook.com\/Club-N%c3%a0utic-Sant-Feliu-525823567569507\/\" \/>\n<meta property=\"article:published_time\" content=\"2022-07-14T08:41:32+00:00\" \/>\n<meta property=\"og:image\" content=\"https:\/\/cnsfg.cat\/wp-content\/uploads\/2022\/07\/Jornada_Sensibilitzacio_ClubNautic.jpg\" \/>\n\t<meta property=\"og:image:width\" content=\"766\" \/>\n\t<meta property=\"og:image:height\" content=\"1085\" \/>\n\t<meta property=\"og:image:type\" content=\"image\/jpeg\" \/>\n<meta name=\"author\" content=\"Joana Valent\" \/>\n<meta name=\"twitter:card\" content=\"summary_large_image\" \/>\n<meta name=\"twitter:creator\" content=\"@NauticSantFeliu\" \/>\n<meta name=\"twitter:site\" content=\"@NauticSantFeliu\" \/>\n<script type=\"application\/ld+json\" class=\"yoast-schema-graph\">{\"@context\":\"https:\\\/\\\/schema.org\",\"@graph\":[{\"@type\":\"Article\",\"@id\":\"https:\\\/\\\/cnsfg.cat\\\/fr\\\/journee-de-sensibilisation-a-lenvironnement-pour-les-enfants-au-yacht-club\\\/#article\",\"isPartOf\":{\"@id\":\"https:\\\/\\\/cnsfg.cat\\\/fr\\\/journee-de-sensibilisation-a-lenvironnement-pour-les-enfants-au-yacht-club\\\/\"},\"author\":{\"name\":\"Joana Valent\",\"@id\":\"https:\\\/\\\/cnsfg.cat\\\/fr\\\/#\\\/schema\\\/person\\\/4692ae1497c51d70b33ac922e8c6c488\"},\"headline\":\"Journ\u00e9e de sensibilisation \u00e0 l\u2019environnement pour les enfants au Yacht Club\",\"datePublished\":\"2022-07-14T08:41:32+00:00\",\"mainEntityOfPage\":{\"@id\":\"https:\\\/\\\/cnsfg.cat\\\/fr\\\/journee-de-sensibilisation-a-lenvironnement-pour-les-enfants-au-yacht-club\\\/\"},\"wordCount\":177,\"commentCount\":0,\"publisher\":{\"@id\":\"https:\\\/\\\/cnsfg.cat\\\/fr\\\/#organization\"},\"image\":{\"@id\":\"https:\\\/\\\/cnsfg.cat\\\/fr\\\/journee-de-sensibilisation-a-lenvironnement-pour-les-enfants-au-yacht-club\\\/#primaryimage\"},\"thumbnailUrl\":\"https:\\\/\\\/cnsfg.cat\\\/wp-content\\\/uploads\\\/2022\\\/07\\\/Jornada_Sensibilitzacio_ClubNautic.jpg\",\"keywords\":[\"club n\u00e0utic\",\"environnement\",\"sensibilisation\"],\"articleSection\":[\"Activit\u00e9s\"],\"inLanguage\":\"fr-FR\",\"potentialAction\":[{\"@type\":\"CommentAction\",\"name\":\"Comment\",\"target\":[\"https:\\\/\\\/cnsfg.cat\\\/fr\\\/journee-de-sensibilisation-a-lenvironnement-pour-les-enfants-au-yacht-club\\\/#respond\"]}]},{\"@type\":\"WebPage\",\"@id\":\"https:\\\/\\\/cnsfg.cat\\\/fr\\\/journee-de-sensibilisation-a-lenvironnement-pour-les-enfants-au-yacht-club\\\/\",\"url\":\"https:\\\/\\\/cnsfg.cat\\\/fr\\\/journee-de-sensibilisation-a-lenvironnement-pour-les-enfants-au-yacht-club\\\/\",\"name\":\"Journ\u00e9e de sensibilisation \u00e0 l\u2019environnement pour les enfants au Yacht Club - Club N\u00e0utic Sant Feliu de Guixols\",\"isPartOf\":{\"@id\":\"https:\\\/\\\/cnsfg.cat\\\/fr\\\/#website\"},\"primaryImageOfPage\":{\"@id\":\"https:\\\/\\\/cnsfg.cat\\\/fr\\\/journee-de-sensibilisation-a-lenvironnement-pour-les-enfants-au-yacht-club\\\/#primaryimage\"},\"image\":{\"@id\":\"https:\\\/\\\/cnsfg.cat\\\/fr\\\/journee-de-sensibilisation-a-lenvironnement-pour-les-enfants-au-yacht-club\\\/#primaryimage\"},\"thumbnailUrl\":\"https:\\\/\\\/cnsfg.cat\\\/wp-content\\\/uploads\\\/2022\\\/07\\\/Jornada_Sensibilitzacio_ClubNautic.jpg\",\"datePublished\":\"2022-07-14T08:41:32+00:00\",\"breadcrumb\":{\"@id\":\"https:\\\/\\\/cnsfg.cat\\\/fr\\\/journee-de-sensibilisation-a-lenvironnement-pour-les-enfants-au-yacht-club\\\/#breadcrumb\"},\"inLanguage\":\"fr-FR\",\"potentialAction\":[{\"@type\":\"ReadAction\",\"target\":[\"https:\\\/\\\/cnsfg.cat\\\/fr\\\/journee-de-sensibilisation-a-lenvironnement-pour-les-enfants-au-yacht-club\\\/\"]}]},{\"@type\":\"ImageObject\",\"inLanguage\":\"fr-FR\",\"@id\":\"https:\\\/\\\/cnsfg.cat\\\/fr\\\/journee-de-sensibilisation-a-lenvironnement-pour-les-enfants-au-yacht-club\\\/#primaryimage\",\"url\":\"https:\\\/\\\/cnsfg.cat\\\/wp-content\\\/uploads\\\/2022\\\/07\\\/Jornada_Sensibilitzacio_ClubNautic.jpg\",\"contentUrl\":\"https:\\\/\\\/cnsfg.cat\\\/wp-content\\\/uploads\\\/2022\\\/07\\\/Jornada_Sensibilitzacio_ClubNautic.jpg\",\"width\":766,\"height\":1085},{\"@type\":\"BreadcrumbList\",\"@id\":\"https:\\\/\\\/cnsfg.cat\\\/fr\\\/journee-de-sensibilisation-a-lenvironnement-pour-les-enfants-au-yacht-club\\\/#breadcrumb\",\"itemListElement\":[{\"@type\":\"ListItem\",\"position\":1,\"name\":\"Portada\",\"item\":\"https:\\\/\\\/cnsfg.cat\\\/fr\\\/\"},{\"@type\":\"ListItem\",\"position\":2,\"name\":\"Journ\u00e9e de sensibilisation \u00e0 l\u2019environnement pour les enfants au Yacht Club\"}]},{\"@type\":\"WebSite\",\"@id\":\"https:\\\/\\\/cnsfg.cat\\\/fr\\\/#website\",\"url\":\"https:\\\/\\\/cnsfg.cat\\\/fr\\\/\",\"name\":\"Club N\u00e0utic Sant Feliu de Guixols\",\"description\":\"Club n\u00e0utic amb m\u00e9s de 400 amarradors a Sant Feliu de Guixols, Costa Brava.\",\"publisher\":{\"@id\":\"https:\\\/\\\/cnsfg.cat\\\/fr\\\/#organization\"},\"potentialAction\":[{\"@type\":\"SearchAction\",\"target\":{\"@type\":\"EntryPoint\",\"urlTemplate\":\"https:\\\/\\\/cnsfg.cat\\\/fr\\\/?s={search_term_string}\"},\"query-input\":{\"@type\":\"PropertyValueSpecification\",\"valueRequired\":true,\"valueName\":\"search_term_string\"}}],\"inLanguage\":\"fr-FR\"},{\"@type\":\"Organization\",\"@id\":\"https:\\\/\\\/cnsfg.cat\\\/fr\\\/#organization\",\"name\":\"Club Na\u00f9tic Sant Feliu de Guixols\",\"url\":\"https:\\\/\\\/cnsfg.cat\\\/fr\\\/\",\"logo\":{\"@type\":\"ImageObject\",\"inLanguage\":\"fr-FR\",\"@id\":\"https:\\\/\\\/cnsfg.cat\\\/fr\\\/#\\\/schema\\\/logo\\\/image\\\/\",\"url\":\"https:\\\/\\\/cnsfg.cat\\\/wp-content\\\/uploads\\\/2020\\\/03\\\/LOGO_CNSFG_180.png\",\"contentUrl\":\"https:\\\/\\\/cnsfg.cat\\\/wp-content\\\/uploads\\\/2020\\\/03\\\/LOGO_CNSFG_180.png\",\"width\":180,\"height\":71,\"caption\":\"Club Na\u00f9tic Sant Feliu de Guixols\"},\"image\":{\"@id\":\"https:\\\/\\\/cnsfg.cat\\\/fr\\\/#\\\/schema\\\/logo\\\/image\\\/\"},\"sameAs\":[\"https:\\\/\\\/www.facebook.com\\\/Club-N\u00e0utic-Sant-Feliu-525823567569507\\\/\",\"https:\\\/\\\/x.com\\\/NauticSantFeliu\"]},{\"@type\":\"Person\",\"@id\":\"https:\\\/\\\/cnsfg.cat\\\/fr\\\/#\\\/schema\\\/person\\\/4692ae1497c51d70b33ac922e8c6c488\",\"name\":\"Joana Valent\",\"image\":{\"@type\":\"ImageObject\",\"inLanguage\":\"fr-FR\",\"@id\":\"https:\\\/\\\/secure.gravatar.com\\\/avatar\\\/5f78539fa1bea92ad6051500b1db1b0b36a8ee6743e42e6d8515ef5eee33904b?s=96&d=mm&r=g\",\"url\":\"https:\\\/\\\/secure.gravatar.com\\\/avatar\\\/5f78539fa1bea92ad6051500b1db1b0b36a8ee6743e42e6d8515ef5eee33904b?s=96&d=mm&r=g\",\"contentUrl\":\"https:\\\/\\\/secure.gravatar.com\\\/avatar\\\/5f78539fa1bea92ad6051500b1db1b0b36a8ee6743e42e6d8515ef5eee33904b?s=96&d=mm&r=g\",\"caption\":\"Joana Valent\"}}]}<\/script>\n<!-- \/ Yoast SEO plugin. -->","yoast_head_json":{"title":"Journ\u00e9e de sensibilisation \u00e0 l\u2019environnement pour les enfants au Yacht Club - Club N\u00e0utic Sant Feliu de Guixols","robots":{"index":"index","follow":"follow","max-snippet":"max-snippet:-1","max-image-preview":"max-image-preview:large","max-video-preview":"max-video-preview:-1"},"canonical":"https:\/\/cnsfg.cat\/fr\/journee-de-sensibilisation-a-lenvironnement-pour-les-enfants-au-yacht-club\/","og_locale":"fr_FR","og_type":"article","og_title":"Journ\u00e9e de sensibilisation \u00e0 l\u2019environnement pour les enfants au Yacht Club - Club N\u00e0utic Sant Feliu de Guixols","og_description":"Le Sant Feliu de Gu\u00edxols Yacht Club organise une journ\u00e9e de sensibilisation \u00e0 l\u2019environnement pour les enfants. L\u2019\u00e9v\u00e9nement consistera en trois jeux interactifs et aura lieu le samedi 6 ao\u00fbt [&hellip;]","og_url":"https:\/\/cnsfg.cat\/fr\/journee-de-sensibilisation-a-lenvironnement-pour-les-enfants-au-yacht-club\/","og_site_name":"Club N\u00e0utic Sant Feliu de Guixols","article_publisher":"https:\/\/www.facebook.com\/Club-N%c3%a0utic-Sant-Feliu-525823567569507\/","article_published_time":"2022-07-14T08:41:32+00:00","og_image":[{"width":766,"height":1085,"url":"https:\/\/cnsfg.cat\/wp-content\/uploads\/2022\/07\/Jornada_Sensibilitzacio_ClubNautic.jpg","type":"image\/jpeg"}],"author":"Joana Valent","twitter_card":"summary_large_image","twitter_creator":"@NauticSantFeliu","twitter_site":"@NauticSantFeliu","schema":{"@context":"https:\/\/schema.org","@graph":[{"@type":"Article","@id":"https:\/\/cnsfg.cat\/fr\/journee-de-sensibilisation-a-lenvironnement-pour-les-enfants-au-yacht-club\/#article","isPartOf":{"@id":"https:\/\/cnsfg.cat\/fr\/journee-de-sensibilisation-a-lenvironnement-pour-les-enfants-au-yacht-club\/"},"author":{"name":"Joana Valent","@id":"https:\/\/cnsfg.cat\/fr\/#\/schema\/person\/4692ae1497c51d70b33ac922e8c6c488"},"headline":"Journ\u00e9e de sensibilisation \u00e0 l\u2019environnement pour les enfants au Yacht Club","datePublished":"2022-07-14T08:41:32+00:00","mainEntityOfPage":{"@id":"https:\/\/cnsfg.cat\/fr\/journee-de-sensibilisation-a-lenvironnement-pour-les-enfants-au-yacht-club\/"},"wordCount":177,"commentCount":0,"publisher":{"@id":"https:\/\/cnsfg.cat\/fr\/#organization"},"image":{"@id":"https:\/\/cnsfg.cat\/fr\/journee-de-sensibilisation-a-lenvironnement-pour-les-enfants-au-yacht-club\/#primaryimage"},"thumbnailUrl":"https:\/\/cnsfg.cat\/wp-content\/uploads\/2022\/07\/Jornada_Sensibilitzacio_ClubNautic.jpg","keywords":["club n\u00e0utic","environnement","sensibilisation"],"articleSection":["Activit\u00e9s"],"inLanguage":"fr-FR","potentialAction":[{"@type":"CommentAction","name":"Comment","target":["https:\/\/cnsfg.cat\/fr\/journee-de-sensibilisation-a-lenvironnement-pour-les-enfants-au-yacht-club\/#respond"]}]},{"@type":"WebPage","@id":"https:\/\/cnsfg.cat\/fr\/journee-de-sensibilisation-a-lenvironnement-pour-les-enfants-au-yacht-club\/","url":"https:\/\/cnsfg.cat\/fr\/journee-de-sensibilisation-a-lenvironnement-pour-les-enfants-au-yacht-club\/","name":"Journ\u00e9e de sensibilisation \u00e0 l\u2019environnement pour les enfants au Yacht Club - Club N\u00e0utic Sant Feliu de Guixols","isPartOf":{"@id":"https:\/\/cnsfg.cat\/fr\/#website"},"primaryImageOfPage":{"@id":"https:\/\/cnsfg.cat\/fr\/journee-de-sensibilisation-a-lenvironnement-pour-les-enfants-au-yacht-club\/#primaryimage"},"image":{"@id":"https:\/\/cnsfg.cat\/fr\/journee-de-sensibilisation-a-lenvironnement-pour-les-enfants-au-yacht-club\/#primaryimage"},"thumbnailUrl":"https:\/\/cnsfg.cat\/wp-content\/uploads\/2022\/07\/Jornada_Sensibilitzacio_ClubNautic.jpg","datePublished":"2022-07-14T08:41:32+00:00","breadcrumb":{"@id":"https:\/\/cnsfg.cat\/fr\/journee-de-sensibilisation-a-lenvironnement-pour-les-enfants-au-yacht-club\/#breadcrumb"},"inLanguage":"fr-FR","potentialAction":[{"@type":"ReadAction","target":["https:\/\/cnsfg.cat\/fr\/journee-de-sensibilisation-a-lenvironnement-pour-les-enfants-au-yacht-club\/"]}]},{"@type":"ImageObject","inLanguage":"fr-FR","@id":"https:\/\/cnsfg.cat\/fr\/journee-de-sensibilisation-a-lenvironnement-pour-les-enfants-au-yacht-club\/#primaryimage","url":"https:\/\/cnsfg.cat\/wp-content\/uploads\/2022\/07\/Jornada_Sensibilitzacio_ClubNautic.jpg","contentUrl":"https:\/\/cnsfg.cat\/wp-content\/uploads\/2022\/07\/Jornada_Sensibilitzacio_ClubNautic.jpg","width":766,"height":1085},{"@type":"BreadcrumbList","@id":"https:\/\/cnsfg.cat\/fr\/journee-de-sensibilisation-a-lenvironnement-pour-les-enfants-au-yacht-club\/#breadcrumb","itemListElement":[{"@type":"ListItem","position":1,"name":"Portada","item":"https:\/\/cnsfg.cat\/fr\/"},{"@type":"ListItem","position":2,"name":"Journ\u00e9e de sensibilisation \u00e0 l\u2019environnement pour les enfants au Yacht Club"}]},{"@type":"WebSite","@id":"https:\/\/cnsfg.cat\/fr\/#website","url":"https:\/\/cnsfg.cat\/fr\/","name":"Club N\u00e0utic Sant Feliu de Guixols","description":"Club n\u00e0utic amb m\u00e9s de 400 amarradors a Sant Feliu de Guixols, Costa Brava.","publisher":{"@id":"https:\/\/cnsfg.cat\/fr\/#organization"},"potentialAction":[{"@type":"SearchAction","target":{"@type":"EntryPoint","urlTemplate":"https:\/\/cnsfg.cat\/fr\/?s={search_term_string}"},"query-input":{"@type":"PropertyValueSpecification","valueRequired":true,"valueName":"search_term_string"}}],"inLanguage":"fr-FR"},{"@type":"Organization","@id":"https:\/\/cnsfg.cat\/fr\/#organization","name":"Club Na\u00f9tic Sant Feliu de Guixols","url":"https:\/\/cnsfg.cat\/fr\/","logo":{"@type":"ImageObject","inLanguage":"fr-FR","@id":"https:\/\/cnsfg.cat\/fr\/#\/schema\/logo\/image\/","url":"https:\/\/cnsfg.cat\/wp-content\/uploads\/2020\/03\/LOGO_CNSFG_180.png","contentUrl":"https:\/\/cnsfg.cat\/wp-content\/uploads\/2020\/03\/LOGO_CNSFG_180.png","width":180,"height":71,"caption":"Club Na\u00f9tic Sant Feliu de Guixols"},"image":{"@id":"https:\/\/cnsfg.cat\/fr\/#\/schema\/logo\/image\/"},"sameAs":["https:\/\/www.facebook.com\/Club-N\u00e0utic-Sant-Feliu-525823567569507\/","https:\/\/x.com\/NauticSantFeliu"]},{"@type":"Person","@id":"https:\/\/cnsfg.cat\/fr\/#\/schema\/person\/4692ae1497c51d70b33ac922e8c6c488","name":"Joana Valent","image":{"@type":"ImageObject","inLanguage":"fr-FR","@id":"https:\/\/secure.gravatar.com\/avatar\/5f78539fa1bea92ad6051500b1db1b0b36a8ee6743e42e6d8515ef5eee33904b?s=96&d=mm&r=g","url":"https:\/\/secure.gravatar.com\/avatar\/5f78539fa1bea92ad6051500b1db1b0b36a8ee6743e42e6d8515ef5eee33904b?s=96&d=mm&r=g","contentUrl":"https:\/\/secure.gravatar.com\/avatar\/5f78539fa1bea92ad6051500b1db1b0b36a8ee6743e42e6d8515ef5eee33904b?s=96&d=mm&r=g","caption":"Joana Valent"}}]}},"_links":{"self":[{"href":"https:\/\/cnsfg.cat\/fr\/wp-json\/wp\/v2\/posts\/370149","targetHints":{"allow":["GET"]}}],"collection":[{"href":"https:\/\/cnsfg.cat\/fr\/wp-json\/wp\/v2\/posts"}],"about":[{"href":"https:\/\/cnsfg.cat\/fr\/wp-json\/wp\/v2\/types\/post"}],"author":[{"embeddable":true,"href":"https:\/\/cnsfg.cat\/fr\/wp-json\/wp\/v2\/users\/21"}],"replies":[{"embeddable":true,"href":"https:\/\/cnsfg.cat\/fr\/wp-json\/wp\/v2\/comments?post=370149"}],"version-history":[{"count":0,"href":"https:\/\/cnsfg.cat\/fr\/wp-json\/wp\/v2\/posts\/370149\/revisions"}],"wp:featuredmedia":[{"embeddable":true,"href":"https:\/\/cnsfg.cat\/fr\/wp-json\/wp\/v2\/media\/368664"}],"wp:attachment":[{"href":"https:\/\/cnsfg.cat\/fr\/wp-json\/wp\/v2\/media?parent=370149"}],"wp:term":[{"taxonomy":"category","embeddable":true,"href":"https:\/\/cnsfg.cat\/fr\/wp-json\/wp\/v2\/categories?post=370149"},{"taxonomy":"post_tag","embeddable":true,"href":"https:\/\/cnsfg.cat\/fr\/wp-json\/wp\/v2\/tags?post=370149"}],"curies":[{"name":"wp","href":"https:\/\/api.w.org\/{rel}","templated":true}]}}