{"id":377401,"date":"2023-02-26T19:15:03","date_gmt":"2023-02-26T18:15:03","guid":{"rendered":"https:\/\/cnsfg.cat\/nous-accueillons-le-xvie-trophee-ganxo-de-la-classe-de-loim\/"},"modified":"2023-02-26T19:15:03","modified_gmt":"2023-02-26T18:15:03","slug":"nous-accueillons-le-xvie-trophee-ganxo-de-la-classe-de-loim","status":"publish","type":"post","link":"https:\/\/cnsfg.cat\/fr\/nous-accueillons-le-xvie-trophee-ganxo-de-la-classe-de-loim\/","title":{"rendered":"Nous accueillons le XVIe Troph\u00e9e Ganx\u00f3 de la classe de l\u2019OIM"},"content":{"rendered":"<p dir=\"ltr\"><img loading=\"lazy\" decoding=\"async\" class=\"size-medium wp-image-377391 alignleft\" src=\"https:\/\/cnsfg.cat\/wp-content\/uploads\/2023\/02\/IOM1-300x225.jpeg\" alt=\"\" width=\"300\" height=\"225\"><span class=\"C9DxTc \"><strong>Le XVIe Troph\u00e9e Ganx\u00f3 <\/strong>de la <a href=\"https:\/\/sites.google.com\/view\/iomcatalunya\/inici?authuser=0\">classe IOM<\/a>, organis\u00e9 par le <a href=\"http:\/\/www.cnsfg.cat\">Yacht Club de Sant Feliu de Guixols<\/a>, a eu lieu ce week-end avec des vents du sud-est compris entre 4 et 7 n\u0153uds. Un total de <strong>8 \u00e9v\u00e9nements<\/strong> ont eu lieu, avec la participation de <strong>16<\/strong> marins de toute la Catalogne, avec quelques bless\u00e9s et quelques marins qui ont choisi de revenir dans la cat\u00e9gorie gr\u00e2ce \u00e0 la bonne ambiance dont b\u00e9n\u00e9ficie l\u2019IOMCAT en ce moment.<\/span><\/p>\n<h3 dir=\"ltr\"><\/h3>\n<h3 dir=\"ltr\">Les r\u00e9sultats<\/h3>\n<p class=\"zfr3Q CDt4Ke \" dir=\"ltr\"><span class=\"C9DxTc \">Le championnat a \u00e9t\u00e9 tr\u00e8s \u00e9quilibr\u00e9 jusqu\u2019\u00e0 la fin, soulignant la lutte entre <strong>Eduard Bonifacio<\/strong> et <strong>Jordi Martorell<\/strong> pour la premi\u00e8re place et l\u2019incroyable lutte pour la troisi\u00e8me place entre Ramon Soler, Paul Le Duc et Jim Campbell qui a \u00e9t\u00e9 d\u00e9finie comme une question de rejets. Cependant, Manuel Palma, Santi Julian, Jordi Zarcero, Ernest Rodas et Paul Maes ont r\u00e9alis\u00e9 une magnifique performance compte tenu du niveau qu\u2019ils avaient lors des 8 tests.  <\/span><\/p>\n<p class=\"zfr3Q CDt4Ke \" dir=\"ltr\"><span class=\"C9DxTc \">Finalement, comme le vent n\u2019\u00e9tait pas \u00e9tabli, il a \u00e9t\u00e9 d\u00e9cid\u00e9 d\u2019effectuer deux essais sans compter qui consistaient en une r\u00e9gate de marques fixes qui a \u00e9t\u00e9 d\u2019une grande acceptation et amusement pour la flotte. Ils ont \u00e9t\u00e9 remport\u00e9s par <strong>Paul Le Duc<\/strong> et <strong>Alfred Piqueras<\/strong>.<\/span><\/p>\n<p class=\"zfr3Q CDt4Ke \" dir=\"ltr\"><span class=\"C9DxTc \">Une fois les r\u00e9gates sans score termin\u00e9es, la flotte s\u2019est rendue au <a href=\"http:\/\/www.eltinglado.cat\">Tinglado<\/a> du Yacht Club de Sant Feliu de Guixols o\u00f9 la c\u00e9r\u00e9monie de remise des prix pour les gagnants et la traditionnelle photo de groupe ont eu lieu.<\/span><\/p>\n<p dir=\"ltr\">Source : <a href=\"https:\/\/sites.google.com\/view\/iomcatalunya\/cr%C3%B2niques?authuser=0\">OIM Catalogne<\/a><\/p>\n","protected":false},"excerpt":{"rendered":"<p>Le XVIe Troph\u00e9e Ganx\u00f3 de la classe IOM, organis\u00e9 par le Yacht Club de Sant Feliu de Guixols, a eu lieu ce week-end avec des vents du sud-est compris entre [&hellip;]<\/p>\n","protected":false},"author":21,"featured_media":377385,"comment_status":"open","ping_status":"open","sticky":false,"template":"","format":"standard","meta":{"_et_pb_use_builder":"","_et_pb_old_content":"","_et_gb_content_width":"","footnotes":""},"categories":[267],"tags":[950,949,617],"class_list":["post-377401","post","type-post","status-publish","format-standard","has-post-thumbnail","hentry","category-regates-fr","tag-oim","tag-radioguidage","tag-regate"],"yoast_head":"<!-- This site is optimized with the Yoast SEO plugin v27.5 - https:\/\/yoast.com\/product\/yoast-seo-wordpress\/ -->\n<title>Nous accueillons le XVIe Troph\u00e9e Ganx\u00f3 de la classe de l\u2019OIM - Club N\u00e0utic Sant Feliu de Guixols<\/title>\n<meta name=\"robots\" content=\"index, follow, max-snippet:-1, max-image-preview:large, max-video-preview:-1\" \/>\n<link rel=\"canonical\" href=\"https:\/\/cnsfg.cat\/fr\/nous-accueillons-le-xvie-trophee-ganxo-de-la-classe-de-loim\/\" \/>\n<meta property=\"og:locale\" content=\"fr_FR\" \/>\n<meta property=\"og:type\" content=\"article\" \/>\n<meta property=\"og:title\" content=\"Nous accueillons le XVIe Troph\u00e9e Ganx\u00f3 de la classe de l\u2019OIM - Club N\u00e0utic Sant Feliu de Guixols\" \/>\n<meta property=\"og:description\" content=\"Le XVIe Troph\u00e9e Ganx\u00f3 de la classe IOM, organis\u00e9 par le Yacht Club de Sant Feliu de Guixols, a eu lieu ce week-end avec des vents du sud-est compris entre [&hellip;]\" \/>\n<meta property=\"og:url\" content=\"https:\/\/cnsfg.cat\/fr\/nous-accueillons-le-xvie-trophee-ganxo-de-la-classe-de-loim\/\" \/>\n<meta property=\"og:site_name\" content=\"Club N\u00e0utic Sant Feliu de Guixols\" \/>\n<meta property=\"article:publisher\" content=\"https:\/\/www.facebook.com\/Club-N%c3%a0utic-Sant-Feliu-525823567569507\/\" \/>\n<meta property=\"article:published_time\" content=\"2023-02-26T18:15:03+00:00\" \/>\n<meta property=\"og:image\" content=\"https:\/\/cnsfg.cat\/wp-content\/uploads\/2023\/02\/Regata_IOM.jpeg\" \/>\n\t<meta property=\"og:image:width\" content=\"829\" \/>\n\t<meta property=\"og:image:height\" content=\"622\" \/>\n\t<meta property=\"og:image:type\" content=\"image\/jpeg\" \/>\n<meta name=\"author\" content=\"Joana Valent\" \/>\n<meta name=\"twitter:card\" content=\"summary_large_image\" \/>\n<meta name=\"twitter:creator\" content=\"@NauticSantFeliu\" \/>\n<meta name=\"twitter:site\" content=\"@NauticSantFeliu\" \/>\n<script type=\"application\/ld+json\" class=\"yoast-schema-graph\">{\"@context\":\"https:\\\/\\\/schema.org\",\"@graph\":[{\"@type\":\"Article\",\"@id\":\"https:\\\/\\\/cnsfg.cat\\\/fr\\\/nous-accueillons-le-xvie-trophee-ganxo-de-la-classe-de-loim\\\/#article\",\"isPartOf\":{\"@id\":\"https:\\\/\\\/cnsfg.cat\\\/fr\\\/nous-accueillons-le-xvie-trophee-ganxo-de-la-classe-de-loim\\\/\"},\"author\":{\"name\":\"Joana Valent\",\"@id\":\"https:\\\/\\\/cnsfg.cat\\\/fr\\\/#\\\/schema\\\/person\\\/4692ae1497c51d70b33ac922e8c6c488\"},\"headline\":\"Nous accueillons le XVIe Troph\u00e9e Ganx\u00f3 de la classe de l\u2019OIM\",\"datePublished\":\"2023-02-26T18:15:03+00:00\",\"mainEntityOfPage\":{\"@id\":\"https:\\\/\\\/cnsfg.cat\\\/fr\\\/nous-accueillons-le-xvie-trophee-ganxo-de-la-classe-de-loim\\\/\"},\"wordCount\":277,\"commentCount\":0,\"publisher\":{\"@id\":\"https:\\\/\\\/cnsfg.cat\\\/fr\\\/#organization\"},\"image\":{\"@id\":\"https:\\\/\\\/cnsfg.cat\\\/fr\\\/nous-accueillons-le-xvie-trophee-ganxo-de-la-classe-de-loim\\\/#primaryimage\"},\"thumbnailUrl\":\"https:\\\/\\\/cnsfg.cat\\\/wp-content\\\/uploads\\\/2023\\\/02\\\/Regata_IOM.jpeg\",\"keywords\":[\"Oim\",\"radioguidage\",\"r\u00e9gate\"],\"articleSection\":[\"R\u00e9gates\"],\"inLanguage\":\"fr-FR\",\"potentialAction\":[{\"@type\":\"CommentAction\",\"name\":\"Comment\",\"target\":[\"https:\\\/\\\/cnsfg.cat\\\/fr\\\/nous-accueillons-le-xvie-trophee-ganxo-de-la-classe-de-loim\\\/#respond\"]}]},{\"@type\":\"WebPage\",\"@id\":\"https:\\\/\\\/cnsfg.cat\\\/fr\\\/nous-accueillons-le-xvie-trophee-ganxo-de-la-classe-de-loim\\\/\",\"url\":\"https:\\\/\\\/cnsfg.cat\\\/fr\\\/nous-accueillons-le-xvie-trophee-ganxo-de-la-classe-de-loim\\\/\",\"name\":\"Nous accueillons le XVIe Troph\u00e9e Ganx\u00f3 de la classe de l\u2019OIM - Club N\u00e0utic Sant Feliu de Guixols\",\"isPartOf\":{\"@id\":\"https:\\\/\\\/cnsfg.cat\\\/fr\\\/#website\"},\"primaryImageOfPage\":{\"@id\":\"https:\\\/\\\/cnsfg.cat\\\/fr\\\/nous-accueillons-le-xvie-trophee-ganxo-de-la-classe-de-loim\\\/#primaryimage\"},\"image\":{\"@id\":\"https:\\\/\\\/cnsfg.cat\\\/fr\\\/nous-accueillons-le-xvie-trophee-ganxo-de-la-classe-de-loim\\\/#primaryimage\"},\"thumbnailUrl\":\"https:\\\/\\\/cnsfg.cat\\\/wp-content\\\/uploads\\\/2023\\\/02\\\/Regata_IOM.jpeg\",\"datePublished\":\"2023-02-26T18:15:03+00:00\",\"breadcrumb\":{\"@id\":\"https:\\\/\\\/cnsfg.cat\\\/fr\\\/nous-accueillons-le-xvie-trophee-ganxo-de-la-classe-de-loim\\\/#breadcrumb\"},\"inLanguage\":\"fr-FR\",\"potentialAction\":[{\"@type\":\"ReadAction\",\"target\":[\"https:\\\/\\\/cnsfg.cat\\\/fr\\\/nous-accueillons-le-xvie-trophee-ganxo-de-la-classe-de-loim\\\/\"]}]},{\"@type\":\"ImageObject\",\"inLanguage\":\"fr-FR\",\"@id\":\"https:\\\/\\\/cnsfg.cat\\\/fr\\\/nous-accueillons-le-xvie-trophee-ganxo-de-la-classe-de-loim\\\/#primaryimage\",\"url\":\"https:\\\/\\\/cnsfg.cat\\\/wp-content\\\/uploads\\\/2023\\\/02\\\/Regata_IOM.jpeg\",\"contentUrl\":\"https:\\\/\\\/cnsfg.cat\\\/wp-content\\\/uploads\\\/2023\\\/02\\\/Regata_IOM.jpeg\",\"width\":829,\"height\":622},{\"@type\":\"BreadcrumbList\",\"@id\":\"https:\\\/\\\/cnsfg.cat\\\/fr\\\/nous-accueillons-le-xvie-trophee-ganxo-de-la-classe-de-loim\\\/#breadcrumb\",\"itemListElement\":[{\"@type\":\"ListItem\",\"position\":1,\"name\":\"Portada\",\"item\":\"https:\\\/\\\/cnsfg.cat\\\/fr\\\/\"},{\"@type\":\"ListItem\",\"position\":2,\"name\":\"Nous accueillons le XVIe Troph\u00e9e Ganx\u00f3 de la classe de l\u2019OIM\"}]},{\"@type\":\"WebSite\",\"@id\":\"https:\\\/\\\/cnsfg.cat\\\/fr\\\/#website\",\"url\":\"https:\\\/\\\/cnsfg.cat\\\/fr\\\/\",\"name\":\"Club N\u00e0utic Sant Feliu de Guixols\",\"description\":\"Club n\u00e0utic amb m\u00e9s de 400 amarradors a Sant Feliu de Guixols, Costa Brava.\",\"publisher\":{\"@id\":\"https:\\\/\\\/cnsfg.cat\\\/fr\\\/#organization\"},\"potentialAction\":[{\"@type\":\"SearchAction\",\"target\":{\"@type\":\"EntryPoint\",\"urlTemplate\":\"https:\\\/\\\/cnsfg.cat\\\/fr\\\/?s={search_term_string}\"},\"query-input\":{\"@type\":\"PropertyValueSpecification\",\"valueRequired\":true,\"valueName\":\"search_term_string\"}}],\"inLanguage\":\"fr-FR\"},{\"@type\":\"Organization\",\"@id\":\"https:\\\/\\\/cnsfg.cat\\\/fr\\\/#organization\",\"name\":\"Club Na\u00f9tic Sant Feliu de Guixols\",\"url\":\"https:\\\/\\\/cnsfg.cat\\\/fr\\\/\",\"logo\":{\"@type\":\"ImageObject\",\"inLanguage\":\"fr-FR\",\"@id\":\"https:\\\/\\\/cnsfg.cat\\\/fr\\\/#\\\/schema\\\/logo\\\/image\\\/\",\"url\":\"https:\\\/\\\/cnsfg.cat\\\/wp-content\\\/uploads\\\/2020\\\/03\\\/LOGO_CNSFG_180.png\",\"contentUrl\":\"https:\\\/\\\/cnsfg.cat\\\/wp-content\\\/uploads\\\/2020\\\/03\\\/LOGO_CNSFG_180.png\",\"width\":180,\"height\":71,\"caption\":\"Club Na\u00f9tic Sant Feliu de Guixols\"},\"image\":{\"@id\":\"https:\\\/\\\/cnsfg.cat\\\/fr\\\/#\\\/schema\\\/logo\\\/image\\\/\"},\"sameAs\":[\"https:\\\/\\\/www.facebook.com\\\/Club-N\u00e0utic-Sant-Feliu-525823567569507\\\/\",\"https:\\\/\\\/x.com\\\/NauticSantFeliu\"]},{\"@type\":\"Person\",\"@id\":\"https:\\\/\\\/cnsfg.cat\\\/fr\\\/#\\\/schema\\\/person\\\/4692ae1497c51d70b33ac922e8c6c488\",\"name\":\"Joana Valent\",\"image\":{\"@type\":\"ImageObject\",\"inLanguage\":\"fr-FR\",\"@id\":\"https:\\\/\\\/secure.gravatar.com\\\/avatar\\\/5f78539fa1bea92ad6051500b1db1b0b36a8ee6743e42e6d8515ef5eee33904b?s=96&d=mm&r=g\",\"url\":\"https:\\\/\\\/secure.gravatar.com\\\/avatar\\\/5f78539fa1bea92ad6051500b1db1b0b36a8ee6743e42e6d8515ef5eee33904b?s=96&d=mm&r=g\",\"contentUrl\":\"https:\\\/\\\/secure.gravatar.com\\\/avatar\\\/5f78539fa1bea92ad6051500b1db1b0b36a8ee6743e42e6d8515ef5eee33904b?s=96&d=mm&r=g\",\"caption\":\"Joana Valent\"}}]}<\/script>\n<!-- \/ Yoast SEO plugin. -->","yoast_head_json":{"title":"Nous accueillons le XVIe Troph\u00e9e Ganx\u00f3 de la classe de l\u2019OIM - Club N\u00e0utic Sant Feliu de Guixols","robots":{"index":"index","follow":"follow","max-snippet":"max-snippet:-1","max-image-preview":"max-image-preview:large","max-video-preview":"max-video-preview:-1"},"canonical":"https:\/\/cnsfg.cat\/fr\/nous-accueillons-le-xvie-trophee-ganxo-de-la-classe-de-loim\/","og_locale":"fr_FR","og_type":"article","og_title":"Nous accueillons le XVIe Troph\u00e9e Ganx\u00f3 de la classe de l\u2019OIM - Club N\u00e0utic Sant Feliu de Guixols","og_description":"Le XVIe Troph\u00e9e Ganx\u00f3 de la classe IOM, organis\u00e9 par le Yacht Club de Sant Feliu de Guixols, a eu lieu ce week-end avec des vents du sud-est compris entre [&hellip;]","og_url":"https:\/\/cnsfg.cat\/fr\/nous-accueillons-le-xvie-trophee-ganxo-de-la-classe-de-loim\/","og_site_name":"Club N\u00e0utic Sant Feliu de Guixols","article_publisher":"https:\/\/www.facebook.com\/Club-N%c3%a0utic-Sant-Feliu-525823567569507\/","article_published_time":"2023-02-26T18:15:03+00:00","og_image":[{"width":829,"height":622,"url":"https:\/\/cnsfg.cat\/wp-content\/uploads\/2023\/02\/Regata_IOM.jpeg","type":"image\/jpeg"}],"author":"Joana Valent","twitter_card":"summary_large_image","twitter_creator":"@NauticSantFeliu","twitter_site":"@NauticSantFeliu","schema":{"@context":"https:\/\/schema.org","@graph":[{"@type":"Article","@id":"https:\/\/cnsfg.cat\/fr\/nous-accueillons-le-xvie-trophee-ganxo-de-la-classe-de-loim\/#article","isPartOf":{"@id":"https:\/\/cnsfg.cat\/fr\/nous-accueillons-le-xvie-trophee-ganxo-de-la-classe-de-loim\/"},"author":{"name":"Joana Valent","@id":"https:\/\/cnsfg.cat\/fr\/#\/schema\/person\/4692ae1497c51d70b33ac922e8c6c488"},"headline":"Nous accueillons le XVIe Troph\u00e9e Ganx\u00f3 de la classe de l\u2019OIM","datePublished":"2023-02-26T18:15:03+00:00","mainEntityOfPage":{"@id":"https:\/\/cnsfg.cat\/fr\/nous-accueillons-le-xvie-trophee-ganxo-de-la-classe-de-loim\/"},"wordCount":277,"commentCount":0,"publisher":{"@id":"https:\/\/cnsfg.cat\/fr\/#organization"},"image":{"@id":"https:\/\/cnsfg.cat\/fr\/nous-accueillons-le-xvie-trophee-ganxo-de-la-classe-de-loim\/#primaryimage"},"thumbnailUrl":"https:\/\/cnsfg.cat\/wp-content\/uploads\/2023\/02\/Regata_IOM.jpeg","keywords":["Oim","radioguidage","r\u00e9gate"],"articleSection":["R\u00e9gates"],"inLanguage":"fr-FR","potentialAction":[{"@type":"CommentAction","name":"Comment","target":["https:\/\/cnsfg.cat\/fr\/nous-accueillons-le-xvie-trophee-ganxo-de-la-classe-de-loim\/#respond"]}]},{"@type":"WebPage","@id":"https:\/\/cnsfg.cat\/fr\/nous-accueillons-le-xvie-trophee-ganxo-de-la-classe-de-loim\/","url":"https:\/\/cnsfg.cat\/fr\/nous-accueillons-le-xvie-trophee-ganxo-de-la-classe-de-loim\/","name":"Nous accueillons le XVIe Troph\u00e9e Ganx\u00f3 de la classe de l\u2019OIM - Club N\u00e0utic Sant Feliu de Guixols","isPartOf":{"@id":"https:\/\/cnsfg.cat\/fr\/#website"},"primaryImageOfPage":{"@id":"https:\/\/cnsfg.cat\/fr\/nous-accueillons-le-xvie-trophee-ganxo-de-la-classe-de-loim\/#primaryimage"},"image":{"@id":"https:\/\/cnsfg.cat\/fr\/nous-accueillons-le-xvie-trophee-ganxo-de-la-classe-de-loim\/#primaryimage"},"thumbnailUrl":"https:\/\/cnsfg.cat\/wp-content\/uploads\/2023\/02\/Regata_IOM.jpeg","datePublished":"2023-02-26T18:15:03+00:00","breadcrumb":{"@id":"https:\/\/cnsfg.cat\/fr\/nous-accueillons-le-xvie-trophee-ganxo-de-la-classe-de-loim\/#breadcrumb"},"inLanguage":"fr-FR","potentialAction":[{"@type":"ReadAction","target":["https:\/\/cnsfg.cat\/fr\/nous-accueillons-le-xvie-trophee-ganxo-de-la-classe-de-loim\/"]}]},{"@type":"ImageObject","inLanguage":"fr-FR","@id":"https:\/\/cnsfg.cat\/fr\/nous-accueillons-le-xvie-trophee-ganxo-de-la-classe-de-loim\/#primaryimage","url":"https:\/\/cnsfg.cat\/wp-content\/uploads\/2023\/02\/Regata_IOM.jpeg","contentUrl":"https:\/\/cnsfg.cat\/wp-content\/uploads\/2023\/02\/Regata_IOM.jpeg","width":829,"height":622},{"@type":"BreadcrumbList","@id":"https:\/\/cnsfg.cat\/fr\/nous-accueillons-le-xvie-trophee-ganxo-de-la-classe-de-loim\/#breadcrumb","itemListElement":[{"@type":"ListItem","position":1,"name":"Portada","item":"https:\/\/cnsfg.cat\/fr\/"},{"@type":"ListItem","position":2,"name":"Nous accueillons le XVIe Troph\u00e9e Ganx\u00f3 de la classe de l\u2019OIM"}]},{"@type":"WebSite","@id":"https:\/\/cnsfg.cat\/fr\/#website","url":"https:\/\/cnsfg.cat\/fr\/","name":"Club N\u00e0utic Sant Feliu de Guixols","description":"Club n\u00e0utic amb m\u00e9s de 400 amarradors a Sant Feliu de Guixols, Costa Brava.","publisher":{"@id":"https:\/\/cnsfg.cat\/fr\/#organization"},"potentialAction":[{"@type":"SearchAction","target":{"@type":"EntryPoint","urlTemplate":"https:\/\/cnsfg.cat\/fr\/?s={search_term_string}"},"query-input":{"@type":"PropertyValueSpecification","valueRequired":true,"valueName":"search_term_string"}}],"inLanguage":"fr-FR"},{"@type":"Organization","@id":"https:\/\/cnsfg.cat\/fr\/#organization","name":"Club Na\u00f9tic Sant Feliu de Guixols","url":"https:\/\/cnsfg.cat\/fr\/","logo":{"@type":"ImageObject","inLanguage":"fr-FR","@id":"https:\/\/cnsfg.cat\/fr\/#\/schema\/logo\/image\/","url":"https:\/\/cnsfg.cat\/wp-content\/uploads\/2020\/03\/LOGO_CNSFG_180.png","contentUrl":"https:\/\/cnsfg.cat\/wp-content\/uploads\/2020\/03\/LOGO_CNSFG_180.png","width":180,"height":71,"caption":"Club Na\u00f9tic Sant Feliu de Guixols"},"image":{"@id":"https:\/\/cnsfg.cat\/fr\/#\/schema\/logo\/image\/"},"sameAs":["https:\/\/www.facebook.com\/Club-N\u00e0utic-Sant-Feliu-525823567569507\/","https:\/\/x.com\/NauticSantFeliu"]},{"@type":"Person","@id":"https:\/\/cnsfg.cat\/fr\/#\/schema\/person\/4692ae1497c51d70b33ac922e8c6c488","name":"Joana Valent","image":{"@type":"ImageObject","inLanguage":"fr-FR","@id":"https:\/\/secure.gravatar.com\/avatar\/5f78539fa1bea92ad6051500b1db1b0b36a8ee6743e42e6d8515ef5eee33904b?s=96&d=mm&r=g","url":"https:\/\/secure.gravatar.com\/avatar\/5f78539fa1bea92ad6051500b1db1b0b36a8ee6743e42e6d8515ef5eee33904b?s=96&d=mm&r=g","contentUrl":"https:\/\/secure.gravatar.com\/avatar\/5f78539fa1bea92ad6051500b1db1b0b36a8ee6743e42e6d8515ef5eee33904b?s=96&d=mm&r=g","caption":"Joana Valent"}}]}},"_links":{"self":[{"href":"https:\/\/cnsfg.cat\/fr\/wp-json\/wp\/v2\/posts\/377401","targetHints":{"allow":["GET"]}}],"collection":[{"href":"https:\/\/cnsfg.cat\/fr\/wp-json\/wp\/v2\/posts"}],"about":[{"href":"https:\/\/cnsfg.cat\/fr\/wp-json\/wp\/v2\/types\/post"}],"author":[{"embeddable":true,"href":"https:\/\/cnsfg.cat\/fr\/wp-json\/wp\/v2\/users\/21"}],"replies":[{"embeddable":true,"href":"https:\/\/cnsfg.cat\/fr\/wp-json\/wp\/v2\/comments?post=377401"}],"version-history":[{"count":0,"href":"https:\/\/cnsfg.cat\/fr\/wp-json\/wp\/v2\/posts\/377401\/revisions"}],"wp:featuredmedia":[{"embeddable":true,"href":"https:\/\/cnsfg.cat\/fr\/wp-json\/wp\/v2\/media\/377385"}],"wp:attachment":[{"href":"https:\/\/cnsfg.cat\/fr\/wp-json\/wp\/v2\/media?parent=377401"}],"wp:term":[{"taxonomy":"category","embeddable":true,"href":"https:\/\/cnsfg.cat\/fr\/wp-json\/wp\/v2\/categories?post=377401"},{"taxonomy":"post_tag","embeddable":true,"href":"https:\/\/cnsfg.cat\/fr\/wp-json\/wp\/v2\/tags?post=377401"}],"curies":[{"name":"wp","href":"https:\/\/api.w.org\/{rel}","templated":true}]}}