{"id":388134,"date":"2023-10-01T18:40:36","date_gmt":"2023-10-01T16:40:36","guid":{"rendered":"https:\/\/cnsfg.cat\/trente-bateaux-participent-a-un-52e-medes-guixols-couronne-de-succes\/"},"modified":"2023-10-01T18:40:36","modified_gmt":"2023-10-01T16:40:36","slug":"trente-bateaux-participent-a-un-52e-medes-guixols-couronne-de-succes","status":"publish","type":"post","link":"https:\/\/cnsfg.cat\/fr\/trente-bateaux-participent-a-un-52e-medes-guixols-couronne-de-succes\/","title":{"rendered":"Trente bateaux participent \u00e0 un 52e Medes Gu\u00edxols couronn\u00e9 de succ\u00e8s"},"content":{"rendered":"<p><img loading=\"lazy\" decoding=\"async\" class=\"size-medium wp-image-388124 alignleft\" src=\"https:\/\/cnsfg.cat\/wp-content\/uploads\/2023\/10\/52GuixolsMedes_02-300x200.jpg\" alt=\"\" width=\"300\" height=\"200\"><\/p>\n<p>Grande participation au <a href=\"https:\/\/cnsfg.cat\/regates\/calendari\/\"><br \/>\n  <strong>52\u00e8me Medes<\/strong><br \/>\n<\/a> Gu\u00edxols du Sant Feliu de Gu\u00edxols Yacht Club (CNSFG) qui s\u2019est tenu ce week-end avec<strong> trente marins<\/strong> des classes Solitaires, A Dos, Altura et Mini. <strong>C\u2019est la plus ancienne r\u00e9gate organis\u00e9e en continu en Catalogne<\/strong>.<\/p>\n<p>Solitaris, avec 4 participants, Eduardo de las Heras du Real Club N\u00e1utico de Tarragona a gagn\u00e9. Il a \u00e9t\u00e9 suivi par Francesc Santanach du Real Club Mar\u00edtimo de Barcelona et Joel Brosa du Club N\u00e1utico Arenys de Mar.<\/p>\n<p>En A Dos, avec 10 participants, la premi\u00e8re place est all\u00e9e \u00e0 Joan Balaguer du Club Vela de Blanes. Il \u00e9tait accompagn\u00e9 sur le podium par Luis Tort du Real Club N\u00e1utico de Barcelona et Xavi Torredeflot du Club N\u00e1utico Port d\u2019Aro.<\/p>\n<p>Dans la cat\u00e9gorie Haute Altitude, avec 10 bateaux avec \u00e9quipage, Mart\u00ed Gelabert du Club N\u00e0utic Port d\u2019Aro a gagn\u00e9. La deuxi\u00e8me place est all\u00e9e \u00e0 Ramon Garriga du m\u00eame club et la troisi\u00e8me place \u00e0 Josep Maria Falgueras du Club N\u00e0utic Sant Feliu de Gu\u00edxols.<\/p>\n<h3>La r\u00e9gate<\/h3>\n<p>Le d\u00e9part de la r\u00e9gate a eu lieu samedi \u00e0 midi et le premier bateau \u00e0 terminer la route de Sant Feliu de Gu\u00edxols, des \u00eeles Medes, de la bou\u00e9e Odas et du port ganx\u00f3 est arriv\u00e9 \u00e0 3 heures du matin. Exceptionnellement, le vendredi \u00e0 17 heures, 6 bateaux de la classe mini sont partis de Barcelone qui ont \u00e9galement termin\u00e9 le parcours du test.<\/p>\n<p>Le bilan de la r\u00e9gate est tr\u00e8s positif puisque tous les participants ont pu la terminer. Il met en valeur le beau temps et la pleine lune qui a facilit\u00e9 la navigation de nuit.<\/p>\n<h3>C\u00e9r\u00e9monie<\/h3>\n<p>La remise des lingots d\u2019argent aux gagnants a eu lieu ce dimanche \u00e0 16h au Tinglado. Le vice-pr\u00e9sident de la F\u00e9d\u00e9ration catalane de voile Josep Maria Isern, le conseiller aux sports de Sant Feliu de Gu\u00edxols Mireia Borrego et Josep Medi\u00f1\u00e0 repr\u00e9sentant la commission sportive du CNSFG y ont particip\u00e9.<\/p>\n<p>Auparavant, un tirage au sort de cadeaux avait \u00e9t\u00e9 organis\u00e9 parmi les participants gracieuset\u00e9 <a href=\"https:\/\/www.imnasa.com\/\">d\u2019Imnasa<\/a>.<\/p>\n<p>&nbsp;<\/p>\n","protected":false},"excerpt":{"rendered":"<p>Grande participation au 52\u00e8me Medes Gu\u00edxols du Sant Feliu de Gu\u00edxols Yacht Club (CNSFG) qui s\u2019est tenu ce week-end avec trente marins des classes Solitaires, A Dos, Altura et Mini. [&hellip;]<\/p>\n","protected":false},"author":21,"featured_media":388121,"comment_status":"closed","ping_status":"closed","sticky":false,"template":"","format":"standard","meta":{"_et_pb_use_builder":"","_et_pb_old_content":"","_et_gb_content_width":"","footnotes":""},"categories":[267],"tags":[292,617],"class_list":["post-388134","post","type-post","status-publish","format-standard","has-post-thumbnail","hentry","category-regates-fr","tag-guixols-medes-fr-2","tag-regate"],"yoast_head":"<!-- This site is optimized with the Yoast SEO plugin v27.4 - https:\/\/yoast.com\/product\/yoast-seo-wordpress\/ -->\n<title>Trente bateaux participent \u00e0 un 52e Medes Gu\u00edxols couronn\u00e9 de succ\u00e8s - Club N\u00e0utic Sant Feliu de Guixols<\/title>\n<meta name=\"robots\" content=\"index, follow, max-snippet:-1, max-image-preview:large, max-video-preview:-1\" \/>\n<link rel=\"canonical\" href=\"https:\/\/cnsfg.cat\/fr\/trente-bateaux-participent-a-un-52e-medes-guixols-couronne-de-succes\/\" \/>\n<meta property=\"og:locale\" content=\"fr_FR\" \/>\n<meta property=\"og:type\" content=\"article\" \/>\n<meta property=\"og:title\" content=\"Trente bateaux participent \u00e0 un 52e Medes Gu\u00edxols couronn\u00e9 de succ\u00e8s - Club N\u00e0utic Sant Feliu de Guixols\" \/>\n<meta property=\"og:description\" content=\"Grande participation au 52\u00e8me Medes Gu\u00edxols du Sant Feliu de Gu\u00edxols Yacht Club (CNSFG) qui s\u2019est tenu ce week-end avec trente marins des classes Solitaires, A Dos, Altura et Mini. [&hellip;]\" \/>\n<meta property=\"og:url\" content=\"https:\/\/cnsfg.cat\/fr\/trente-bateaux-participent-a-un-52e-medes-guixols-couronne-de-succes\/\" \/>\n<meta property=\"og:site_name\" content=\"Club N\u00e0utic Sant Feliu de Guixols\" \/>\n<meta property=\"article:publisher\" content=\"https:\/\/www.facebook.com\/Club-N%c3%a0utic-Sant-Feliu-525823567569507\/\" \/>\n<meta property=\"article:published_time\" content=\"2023-10-01T16:40:36+00:00\" \/>\n<meta property=\"og:image\" content=\"https:\/\/cnsfg.cat\/wp-content\/uploads\/2023\/10\/52GuixolsMedes_01.jpg\" \/>\n\t<meta property=\"og:image:width\" content=\"1920\" \/>\n\t<meta property=\"og:image:height\" content=\"1280\" \/>\n\t<meta property=\"og:image:type\" content=\"image\/jpeg\" \/>\n<meta name=\"author\" content=\"Joana Valent\" \/>\n<meta name=\"twitter:card\" content=\"summary_large_image\" \/>\n<meta name=\"twitter:creator\" content=\"@NauticSantFeliu\" \/>\n<meta name=\"twitter:site\" content=\"@NauticSantFeliu\" \/>\n<script type=\"application\/ld+json\" class=\"yoast-schema-graph\">{\"@context\":\"https:\\\/\\\/schema.org\",\"@graph\":[{\"@type\":\"Article\",\"@id\":\"https:\\\/\\\/cnsfg.cat\\\/fr\\\/trente-bateaux-participent-a-un-52e-medes-guixols-couronne-de-succes\\\/#article\",\"isPartOf\":{\"@id\":\"https:\\\/\\\/cnsfg.cat\\\/fr\\\/trente-bateaux-participent-a-un-52e-medes-guixols-couronne-de-succes\\\/\"},\"author\":{\"name\":\"Joana Valent\",\"@id\":\"https:\\\/\\\/cnsfg.cat\\\/fr\\\/#\\\/schema\\\/person\\\/4692ae1497c51d70b33ac922e8c6c488\"},\"headline\":\"Trente bateaux participent \u00e0 un 52e Medes Gu\u00edxols couronn\u00e9 de succ\u00e8s\",\"datePublished\":\"2023-10-01T16:40:36+00:00\",\"mainEntityOfPage\":{\"@id\":\"https:\\\/\\\/cnsfg.cat\\\/fr\\\/trente-bateaux-participent-a-un-52e-medes-guixols-couronne-de-succes\\\/\"},\"wordCount\":371,\"publisher\":{\"@id\":\"https:\\\/\\\/cnsfg.cat\\\/fr\\\/#organization\"},\"image\":{\"@id\":\"https:\\\/\\\/cnsfg.cat\\\/fr\\\/trente-bateaux-participent-a-un-52e-medes-guixols-couronne-de-succes\\\/#primaryimage\"},\"thumbnailUrl\":\"https:\\\/\\\/cnsfg.cat\\\/wp-content\\\/uploads\\\/2023\\\/10\\\/52GuixolsMedes_01.jpg\",\"keywords\":[\"Gu\u00edxols Medes\",\"r\u00e9gate\"],\"articleSection\":[\"R\u00e9gates\"],\"inLanguage\":\"fr-FR\"},{\"@type\":\"WebPage\",\"@id\":\"https:\\\/\\\/cnsfg.cat\\\/fr\\\/trente-bateaux-participent-a-un-52e-medes-guixols-couronne-de-succes\\\/\",\"url\":\"https:\\\/\\\/cnsfg.cat\\\/fr\\\/trente-bateaux-participent-a-un-52e-medes-guixols-couronne-de-succes\\\/\",\"name\":\"Trente bateaux participent \u00e0 un 52e Medes Gu\u00edxols couronn\u00e9 de succ\u00e8s - Club N\u00e0utic Sant Feliu de Guixols\",\"isPartOf\":{\"@id\":\"https:\\\/\\\/cnsfg.cat\\\/fr\\\/#website\"},\"primaryImageOfPage\":{\"@id\":\"https:\\\/\\\/cnsfg.cat\\\/fr\\\/trente-bateaux-participent-a-un-52e-medes-guixols-couronne-de-succes\\\/#primaryimage\"},\"image\":{\"@id\":\"https:\\\/\\\/cnsfg.cat\\\/fr\\\/trente-bateaux-participent-a-un-52e-medes-guixols-couronne-de-succes\\\/#primaryimage\"},\"thumbnailUrl\":\"https:\\\/\\\/cnsfg.cat\\\/wp-content\\\/uploads\\\/2023\\\/10\\\/52GuixolsMedes_01.jpg\",\"datePublished\":\"2023-10-01T16:40:36+00:00\",\"breadcrumb\":{\"@id\":\"https:\\\/\\\/cnsfg.cat\\\/fr\\\/trente-bateaux-participent-a-un-52e-medes-guixols-couronne-de-succes\\\/#breadcrumb\"},\"inLanguage\":\"fr-FR\",\"potentialAction\":[{\"@type\":\"ReadAction\",\"target\":[\"https:\\\/\\\/cnsfg.cat\\\/fr\\\/trente-bateaux-participent-a-un-52e-medes-guixols-couronne-de-succes\\\/\"]}]},{\"@type\":\"ImageObject\",\"inLanguage\":\"fr-FR\",\"@id\":\"https:\\\/\\\/cnsfg.cat\\\/fr\\\/trente-bateaux-participent-a-un-52e-medes-guixols-couronne-de-succes\\\/#primaryimage\",\"url\":\"https:\\\/\\\/cnsfg.cat\\\/wp-content\\\/uploads\\\/2023\\\/10\\\/52GuixolsMedes_01.jpg\",\"contentUrl\":\"https:\\\/\\\/cnsfg.cat\\\/wp-content\\\/uploads\\\/2023\\\/10\\\/52GuixolsMedes_01.jpg\",\"width\":1920,\"height\":1280},{\"@type\":\"BreadcrumbList\",\"@id\":\"https:\\\/\\\/cnsfg.cat\\\/fr\\\/trente-bateaux-participent-a-un-52e-medes-guixols-couronne-de-succes\\\/#breadcrumb\",\"itemListElement\":[{\"@type\":\"ListItem\",\"position\":1,\"name\":\"Portada\",\"item\":\"https:\\\/\\\/cnsfg.cat\\\/fr\\\/\"},{\"@type\":\"ListItem\",\"position\":2,\"name\":\"Trente bateaux participent \u00e0 un 52e Medes Gu\u00edxols couronn\u00e9 de succ\u00e8s\"}]},{\"@type\":\"WebSite\",\"@id\":\"https:\\\/\\\/cnsfg.cat\\\/fr\\\/#website\",\"url\":\"https:\\\/\\\/cnsfg.cat\\\/fr\\\/\",\"name\":\"Club N\u00e0utic Sant Feliu de Guixols\",\"description\":\"Club n\u00e0utic amb m\u00e9s de 400 amarradors a Sant Feliu de Guixols, Costa Brava.\",\"publisher\":{\"@id\":\"https:\\\/\\\/cnsfg.cat\\\/fr\\\/#organization\"},\"potentialAction\":[{\"@type\":\"SearchAction\",\"target\":{\"@type\":\"EntryPoint\",\"urlTemplate\":\"https:\\\/\\\/cnsfg.cat\\\/fr\\\/?s={search_term_string}\"},\"query-input\":{\"@type\":\"PropertyValueSpecification\",\"valueRequired\":true,\"valueName\":\"search_term_string\"}}],\"inLanguage\":\"fr-FR\"},{\"@type\":\"Organization\",\"@id\":\"https:\\\/\\\/cnsfg.cat\\\/fr\\\/#organization\",\"name\":\"Club Na\u00f9tic Sant Feliu de Guixols\",\"url\":\"https:\\\/\\\/cnsfg.cat\\\/fr\\\/\",\"logo\":{\"@type\":\"ImageObject\",\"inLanguage\":\"fr-FR\",\"@id\":\"https:\\\/\\\/cnsfg.cat\\\/fr\\\/#\\\/schema\\\/logo\\\/image\\\/\",\"url\":\"https:\\\/\\\/cnsfg.cat\\\/wp-content\\\/uploads\\\/2020\\\/03\\\/LOGO_CNSFG_180.png\",\"contentUrl\":\"https:\\\/\\\/cnsfg.cat\\\/wp-content\\\/uploads\\\/2020\\\/03\\\/LOGO_CNSFG_180.png\",\"width\":180,\"height\":71,\"caption\":\"Club Na\u00f9tic Sant Feliu de Guixols\"},\"image\":{\"@id\":\"https:\\\/\\\/cnsfg.cat\\\/fr\\\/#\\\/schema\\\/logo\\\/image\\\/\"},\"sameAs\":[\"https:\\\/\\\/www.facebook.com\\\/Club-N\u00e0utic-Sant-Feliu-525823567569507\\\/\",\"https:\\\/\\\/x.com\\\/NauticSantFeliu\"]},{\"@type\":\"Person\",\"@id\":\"https:\\\/\\\/cnsfg.cat\\\/fr\\\/#\\\/schema\\\/person\\\/4692ae1497c51d70b33ac922e8c6c488\",\"name\":\"Joana Valent\",\"image\":{\"@type\":\"ImageObject\",\"inLanguage\":\"fr-FR\",\"@id\":\"https:\\\/\\\/secure.gravatar.com\\\/avatar\\\/5f78539fa1bea92ad6051500b1db1b0b36a8ee6743e42e6d8515ef5eee33904b?s=96&d=mm&r=g\",\"url\":\"https:\\\/\\\/secure.gravatar.com\\\/avatar\\\/5f78539fa1bea92ad6051500b1db1b0b36a8ee6743e42e6d8515ef5eee33904b?s=96&d=mm&r=g\",\"contentUrl\":\"https:\\\/\\\/secure.gravatar.com\\\/avatar\\\/5f78539fa1bea92ad6051500b1db1b0b36a8ee6743e42e6d8515ef5eee33904b?s=96&d=mm&r=g\",\"caption\":\"Joana Valent\"}}]}<\/script>\n<!-- \/ Yoast SEO plugin. -->","yoast_head_json":{"title":"Trente bateaux participent \u00e0 un 52e Medes Gu\u00edxols couronn\u00e9 de succ\u00e8s - Club N\u00e0utic Sant Feliu de Guixols","robots":{"index":"index","follow":"follow","max-snippet":"max-snippet:-1","max-image-preview":"max-image-preview:large","max-video-preview":"max-video-preview:-1"},"canonical":"https:\/\/cnsfg.cat\/fr\/trente-bateaux-participent-a-un-52e-medes-guixols-couronne-de-succes\/","og_locale":"fr_FR","og_type":"article","og_title":"Trente bateaux participent \u00e0 un 52e Medes Gu\u00edxols couronn\u00e9 de succ\u00e8s - Club N\u00e0utic Sant Feliu de Guixols","og_description":"Grande participation au 52\u00e8me Medes Gu\u00edxols du Sant Feliu de Gu\u00edxols Yacht Club (CNSFG) qui s\u2019est tenu ce week-end avec trente marins des classes Solitaires, A Dos, Altura et Mini. [&hellip;]","og_url":"https:\/\/cnsfg.cat\/fr\/trente-bateaux-participent-a-un-52e-medes-guixols-couronne-de-succes\/","og_site_name":"Club N\u00e0utic Sant Feliu de Guixols","article_publisher":"https:\/\/www.facebook.com\/Club-N%c3%a0utic-Sant-Feliu-525823567569507\/","article_published_time":"2023-10-01T16:40:36+00:00","og_image":[{"width":1920,"height":1280,"url":"https:\/\/cnsfg.cat\/wp-content\/uploads\/2023\/10\/52GuixolsMedes_01.jpg","type":"image\/jpeg"}],"author":"Joana Valent","twitter_card":"summary_large_image","twitter_creator":"@NauticSantFeliu","twitter_site":"@NauticSantFeliu","schema":{"@context":"https:\/\/schema.org","@graph":[{"@type":"Article","@id":"https:\/\/cnsfg.cat\/fr\/trente-bateaux-participent-a-un-52e-medes-guixols-couronne-de-succes\/#article","isPartOf":{"@id":"https:\/\/cnsfg.cat\/fr\/trente-bateaux-participent-a-un-52e-medes-guixols-couronne-de-succes\/"},"author":{"name":"Joana Valent","@id":"https:\/\/cnsfg.cat\/fr\/#\/schema\/person\/4692ae1497c51d70b33ac922e8c6c488"},"headline":"Trente bateaux participent \u00e0 un 52e Medes Gu\u00edxols couronn\u00e9 de succ\u00e8s","datePublished":"2023-10-01T16:40:36+00:00","mainEntityOfPage":{"@id":"https:\/\/cnsfg.cat\/fr\/trente-bateaux-participent-a-un-52e-medes-guixols-couronne-de-succes\/"},"wordCount":371,"publisher":{"@id":"https:\/\/cnsfg.cat\/fr\/#organization"},"image":{"@id":"https:\/\/cnsfg.cat\/fr\/trente-bateaux-participent-a-un-52e-medes-guixols-couronne-de-succes\/#primaryimage"},"thumbnailUrl":"https:\/\/cnsfg.cat\/wp-content\/uploads\/2023\/10\/52GuixolsMedes_01.jpg","keywords":["Gu\u00edxols Medes","r\u00e9gate"],"articleSection":["R\u00e9gates"],"inLanguage":"fr-FR"},{"@type":"WebPage","@id":"https:\/\/cnsfg.cat\/fr\/trente-bateaux-participent-a-un-52e-medes-guixols-couronne-de-succes\/","url":"https:\/\/cnsfg.cat\/fr\/trente-bateaux-participent-a-un-52e-medes-guixols-couronne-de-succes\/","name":"Trente bateaux participent \u00e0 un 52e Medes Gu\u00edxols couronn\u00e9 de succ\u00e8s - Club N\u00e0utic Sant Feliu de Guixols","isPartOf":{"@id":"https:\/\/cnsfg.cat\/fr\/#website"},"primaryImageOfPage":{"@id":"https:\/\/cnsfg.cat\/fr\/trente-bateaux-participent-a-un-52e-medes-guixols-couronne-de-succes\/#primaryimage"},"image":{"@id":"https:\/\/cnsfg.cat\/fr\/trente-bateaux-participent-a-un-52e-medes-guixols-couronne-de-succes\/#primaryimage"},"thumbnailUrl":"https:\/\/cnsfg.cat\/wp-content\/uploads\/2023\/10\/52GuixolsMedes_01.jpg","datePublished":"2023-10-01T16:40:36+00:00","breadcrumb":{"@id":"https:\/\/cnsfg.cat\/fr\/trente-bateaux-participent-a-un-52e-medes-guixols-couronne-de-succes\/#breadcrumb"},"inLanguage":"fr-FR","potentialAction":[{"@type":"ReadAction","target":["https:\/\/cnsfg.cat\/fr\/trente-bateaux-participent-a-un-52e-medes-guixols-couronne-de-succes\/"]}]},{"@type":"ImageObject","inLanguage":"fr-FR","@id":"https:\/\/cnsfg.cat\/fr\/trente-bateaux-participent-a-un-52e-medes-guixols-couronne-de-succes\/#primaryimage","url":"https:\/\/cnsfg.cat\/wp-content\/uploads\/2023\/10\/52GuixolsMedes_01.jpg","contentUrl":"https:\/\/cnsfg.cat\/wp-content\/uploads\/2023\/10\/52GuixolsMedes_01.jpg","width":1920,"height":1280},{"@type":"BreadcrumbList","@id":"https:\/\/cnsfg.cat\/fr\/trente-bateaux-participent-a-un-52e-medes-guixols-couronne-de-succes\/#breadcrumb","itemListElement":[{"@type":"ListItem","position":1,"name":"Portada","item":"https:\/\/cnsfg.cat\/fr\/"},{"@type":"ListItem","position":2,"name":"Trente bateaux participent \u00e0 un 52e Medes Gu\u00edxols couronn\u00e9 de succ\u00e8s"}]},{"@type":"WebSite","@id":"https:\/\/cnsfg.cat\/fr\/#website","url":"https:\/\/cnsfg.cat\/fr\/","name":"Club N\u00e0utic Sant Feliu de Guixols","description":"Club n\u00e0utic amb m\u00e9s de 400 amarradors a Sant Feliu de Guixols, Costa Brava.","publisher":{"@id":"https:\/\/cnsfg.cat\/fr\/#organization"},"potentialAction":[{"@type":"SearchAction","target":{"@type":"EntryPoint","urlTemplate":"https:\/\/cnsfg.cat\/fr\/?s={search_term_string}"},"query-input":{"@type":"PropertyValueSpecification","valueRequired":true,"valueName":"search_term_string"}}],"inLanguage":"fr-FR"},{"@type":"Organization","@id":"https:\/\/cnsfg.cat\/fr\/#organization","name":"Club Na\u00f9tic Sant Feliu de Guixols","url":"https:\/\/cnsfg.cat\/fr\/","logo":{"@type":"ImageObject","inLanguage":"fr-FR","@id":"https:\/\/cnsfg.cat\/fr\/#\/schema\/logo\/image\/","url":"https:\/\/cnsfg.cat\/wp-content\/uploads\/2020\/03\/LOGO_CNSFG_180.png","contentUrl":"https:\/\/cnsfg.cat\/wp-content\/uploads\/2020\/03\/LOGO_CNSFG_180.png","width":180,"height":71,"caption":"Club Na\u00f9tic Sant Feliu de Guixols"},"image":{"@id":"https:\/\/cnsfg.cat\/fr\/#\/schema\/logo\/image\/"},"sameAs":["https:\/\/www.facebook.com\/Club-N\u00e0utic-Sant-Feliu-525823567569507\/","https:\/\/x.com\/NauticSantFeliu"]},{"@type":"Person","@id":"https:\/\/cnsfg.cat\/fr\/#\/schema\/person\/4692ae1497c51d70b33ac922e8c6c488","name":"Joana Valent","image":{"@type":"ImageObject","inLanguage":"fr-FR","@id":"https:\/\/secure.gravatar.com\/avatar\/5f78539fa1bea92ad6051500b1db1b0b36a8ee6743e42e6d8515ef5eee33904b?s=96&d=mm&r=g","url":"https:\/\/secure.gravatar.com\/avatar\/5f78539fa1bea92ad6051500b1db1b0b36a8ee6743e42e6d8515ef5eee33904b?s=96&d=mm&r=g","contentUrl":"https:\/\/secure.gravatar.com\/avatar\/5f78539fa1bea92ad6051500b1db1b0b36a8ee6743e42e6d8515ef5eee33904b?s=96&d=mm&r=g","caption":"Joana Valent"}}]}},"_links":{"self":[{"href":"https:\/\/cnsfg.cat\/fr\/wp-json\/wp\/v2\/posts\/388134","targetHints":{"allow":["GET"]}}],"collection":[{"href":"https:\/\/cnsfg.cat\/fr\/wp-json\/wp\/v2\/posts"}],"about":[{"href":"https:\/\/cnsfg.cat\/fr\/wp-json\/wp\/v2\/types\/post"}],"author":[{"embeddable":true,"href":"https:\/\/cnsfg.cat\/fr\/wp-json\/wp\/v2\/users\/21"}],"replies":[{"embeddable":true,"href":"https:\/\/cnsfg.cat\/fr\/wp-json\/wp\/v2\/comments?post=388134"}],"version-history":[{"count":0,"href":"https:\/\/cnsfg.cat\/fr\/wp-json\/wp\/v2\/posts\/388134\/revisions"}],"wp:featuredmedia":[{"embeddable":true,"href":"https:\/\/cnsfg.cat\/fr\/wp-json\/wp\/v2\/media\/388121"}],"wp:attachment":[{"href":"https:\/\/cnsfg.cat\/fr\/wp-json\/wp\/v2\/media?parent=388134"}],"wp:term":[{"taxonomy":"category","embeddable":true,"href":"https:\/\/cnsfg.cat\/fr\/wp-json\/wp\/v2\/categories?post=388134"},{"taxonomy":"post_tag","embeddable":true,"href":"https:\/\/cnsfg.cat\/fr\/wp-json\/wp\/v2\/tags?post=388134"}],"curies":[{"name":"wp","href":"https:\/\/api.w.org\/{rel}","templated":true}]}}