{"id":390466,"date":"2023-11-01T19:34:32","date_gmt":"2023-11-01T18:34:32","guid":{"rendered":"https:\/\/cnsfg.cat\/alerte-procicat-activee-pour-les-vagues\/"},"modified":"2023-11-01T19:34:32","modified_gmt":"2023-11-01T18:34:32","slug":"alerte-procicat-activee-pour-les-vagues","status":"publish","type":"post","link":"https:\/\/cnsfg.cat\/fr\/alerte-procicat-activee-pour-les-vagues\/","title":{"rendered":"Alerte PROCICAT activ\u00e9e pour les vagues"},"content":{"rendered":"<p><img loading=\"lazy\" decoding=\"async\" class=\"size-medium wp-image-390417 alignleft\" src=\"https:\/\/cnsfg.cat\/wp-content\/uploads\/2023\/10\/descarga-300x81.png\" alt=\"\" width=\"300\" height=\"81\" srcset=\"https:\/\/cnsfg.cat\/wp-content\/uploads\/2023\/10\/descarga-300x81.png 300w, https:\/\/cnsfg.cat\/wp-content\/uploads\/2023\/10\/descarga.png 432w\" sizes=\"(max-width: 300px) 100vw, 300px\" \/><\/p>\n<p>Sur la base des pr\u00e9visions m\u00e9t\u00e9orologiques \u00e9mises par le <a href=\"https:\/\/www.meteo.cat\/\">Service m\u00e9t\u00e9orologique<\/a> de Catalogne et des effets attendus de celles-ci, le <a href=\"https:\/\/interior.gencat.cat\/ca\/arees_dactuacio\/proteccio_civil\/\">Plan de Protection Civile de Catalogne<\/a> (PROCICAT) a \u00e9t\u00e9 activ\u00e9 dans la <strong>phase d\u2019ALERTE pour les Vagues<\/strong>.<\/p>\n<p>Le Service m\u00e9t\u00e9orologique de Catalogne signale qu\u2019\u00e0 partir de jeudi matin, les vagues peuvent d\u00e9passer 4 m\u00e8tres (mer agit\u00e9e) le long de la c\u00f4te catalane et avec plus de probabilit\u00e9 sur la c\u00f4te centrale et au sud de la Costa Brava (Baix Empord\u00e0 et La Selva). Il y aura des fonds marins visibles avec une composante sud. La r\u00e9partition g\u00e9ographique du ph\u00e9nom\u00e8ne sera de nature g\u00e9n\u00e9rale.<\/p>\n<h3>Plus d\u2019informations<\/h3>\n<p>Une nouvelle d\u00e9claration sera publi\u00e9e d\u00e8s que l\u2019\u00e9volution de la situation d\u2019urgence se produira.<\/p>\n<p>Vous pouvez consulter les actions \u00e0 mener, les conseils et les recommandations municipales pour les vagues dans le lien <a href=\"http:\/\/bit.ly\/2cV9Crc\"><br \/>\n  <u>http:\/\/bit.ly\/2cV9Crc<\/u><br \/>\n<\/a><\/p>\n","protected":false},"excerpt":{"rendered":"<p>Sur la base des pr\u00e9visions m\u00e9t\u00e9orologiques \u00e9mises par le Service m\u00e9t\u00e9orologique de Catalogne et des effets attendus de celles-ci, le Plan de Protection Civile de Catalogne (PROCICAT) a \u00e9t\u00e9 activ\u00e9 [&hellip;]<\/p>\n","protected":false},"author":21,"featured_media":0,"comment_status":"closed","ping_status":"closed","sticky":false,"template":"","format":"standard","meta":{"_et_pb_use_builder":"","_et_pb_old_content":"","_et_gb_content_width":"","footnotes":""},"categories":[324],"tags":[1189,1171,1172],"class_list":["post-390466","post","type-post","status-publish","format-standard","hentry","category-comuniquees","tag-alerte","tag-enfler","tag-procicat-fr"],"yoast_head":"<!-- This site is optimized with the Yoast SEO plugin v27.5 - https:\/\/yoast.com\/product\/yoast-seo-wordpress\/ -->\n<title>Alerte PROCICAT activ\u00e9e pour les vagues - Club N\u00e0utic Sant Feliu de Guixols<\/title>\n<meta name=\"robots\" content=\"index, follow, max-snippet:-1, max-image-preview:large, max-video-preview:-1\" \/>\n<link rel=\"canonical\" href=\"https:\/\/cnsfg.cat\/fr\/alerte-procicat-activee-pour-les-vagues\/\" \/>\n<meta property=\"og:locale\" content=\"fr_FR\" \/>\n<meta property=\"og:type\" content=\"article\" \/>\n<meta property=\"og:title\" content=\"Alerte PROCICAT activ\u00e9e pour les vagues - Club N\u00e0utic Sant Feliu de Guixols\" \/>\n<meta property=\"og:description\" content=\"Sur la base des pr\u00e9visions m\u00e9t\u00e9orologiques \u00e9mises par le Service m\u00e9t\u00e9orologique de Catalogne et des effets attendus de celles-ci, le Plan de Protection Civile de Catalogne (PROCICAT) a \u00e9t\u00e9 activ\u00e9 [&hellip;]\" \/>\n<meta property=\"og:url\" content=\"https:\/\/cnsfg.cat\/fr\/alerte-procicat-activee-pour-les-vagues\/\" \/>\n<meta property=\"og:site_name\" content=\"Club N\u00e0utic Sant Feliu de Guixols\" \/>\n<meta property=\"article:publisher\" content=\"https:\/\/www.facebook.com\/Club-N%c3%a0utic-Sant-Feliu-525823567569507\/\" \/>\n<meta property=\"article:published_time\" content=\"2023-11-01T18:34:32+00:00\" \/>\n<meta property=\"og:image\" content=\"https:\/\/cnsfg.cat\/wp-content\/uploads\/2023\/10\/descarga-300x81.png\" \/>\n<meta name=\"author\" content=\"Joana Valent\" \/>\n<meta name=\"twitter:card\" content=\"summary_large_image\" \/>\n<meta name=\"twitter:creator\" content=\"@NauticSantFeliu\" \/>\n<meta name=\"twitter:site\" content=\"@NauticSantFeliu\" \/>\n<script type=\"application\/ld+json\" class=\"yoast-schema-graph\">{\"@context\":\"https:\\\/\\\/schema.org\",\"@graph\":[{\"@type\":\"Article\",\"@id\":\"https:\\\/\\\/cnsfg.cat\\\/fr\\\/alerte-procicat-activee-pour-les-vagues\\\/#article\",\"isPartOf\":{\"@id\":\"https:\\\/\\\/cnsfg.cat\\\/fr\\\/alerte-procicat-activee-pour-les-vagues\\\/\"},\"author\":{\"name\":\"Joana Valent\",\"@id\":\"https:\\\/\\\/cnsfg.cat\\\/fr\\\/#\\\/schema\\\/person\\\/4692ae1497c51d70b33ac922e8c6c488\"},\"headline\":\"Alerte PROCICAT activ\u00e9e pour les vagues\",\"datePublished\":\"2023-11-01T18:34:32+00:00\",\"mainEntityOfPage\":{\"@id\":\"https:\\\/\\\/cnsfg.cat\\\/fr\\\/alerte-procicat-activee-pour-les-vagues\\\/\"},\"wordCount\":173,\"publisher\":{\"@id\":\"https:\\\/\\\/cnsfg.cat\\\/fr\\\/#organization\"},\"image\":{\"@id\":\"https:\\\/\\\/cnsfg.cat\\\/fr\\\/alerte-procicat-activee-pour-les-vagues\\\/#primaryimage\"},\"thumbnailUrl\":\"https:\\\/\\\/cnsfg.cat\\\/wp-content\\\/uploads\\\/2023\\\/10\\\/descarga-300x81.png\",\"keywords\":[\"alerte\",\"Enfler\",\"Procicat\"],\"articleSection\":[\"Comuniqu\u00e9es\"],\"inLanguage\":\"fr-FR\"},{\"@type\":\"WebPage\",\"@id\":\"https:\\\/\\\/cnsfg.cat\\\/fr\\\/alerte-procicat-activee-pour-les-vagues\\\/\",\"url\":\"https:\\\/\\\/cnsfg.cat\\\/fr\\\/alerte-procicat-activee-pour-les-vagues\\\/\",\"name\":\"Alerte PROCICAT activ\u00e9e pour les vagues - Club N\u00e0utic Sant Feliu de Guixols\",\"isPartOf\":{\"@id\":\"https:\\\/\\\/cnsfg.cat\\\/fr\\\/#website\"},\"primaryImageOfPage\":{\"@id\":\"https:\\\/\\\/cnsfg.cat\\\/fr\\\/alerte-procicat-activee-pour-les-vagues\\\/#primaryimage\"},\"image\":{\"@id\":\"https:\\\/\\\/cnsfg.cat\\\/fr\\\/alerte-procicat-activee-pour-les-vagues\\\/#primaryimage\"},\"thumbnailUrl\":\"https:\\\/\\\/cnsfg.cat\\\/wp-content\\\/uploads\\\/2023\\\/10\\\/descarga-300x81.png\",\"datePublished\":\"2023-11-01T18:34:32+00:00\",\"breadcrumb\":{\"@id\":\"https:\\\/\\\/cnsfg.cat\\\/fr\\\/alerte-procicat-activee-pour-les-vagues\\\/#breadcrumb\"},\"inLanguage\":\"fr-FR\",\"potentialAction\":[{\"@type\":\"ReadAction\",\"target\":[\"https:\\\/\\\/cnsfg.cat\\\/fr\\\/alerte-procicat-activee-pour-les-vagues\\\/\"]}]},{\"@type\":\"ImageObject\",\"inLanguage\":\"fr-FR\",\"@id\":\"https:\\\/\\\/cnsfg.cat\\\/fr\\\/alerte-procicat-activee-pour-les-vagues\\\/#primaryimage\",\"url\":\"https:\\\/\\\/cnsfg.cat\\\/wp-content\\\/uploads\\\/2023\\\/10\\\/descarga-300x81.png\",\"contentUrl\":\"https:\\\/\\\/cnsfg.cat\\\/wp-content\\\/uploads\\\/2023\\\/10\\\/descarga-300x81.png\"},{\"@type\":\"BreadcrumbList\",\"@id\":\"https:\\\/\\\/cnsfg.cat\\\/fr\\\/alerte-procicat-activee-pour-les-vagues\\\/#breadcrumb\",\"itemListElement\":[{\"@type\":\"ListItem\",\"position\":1,\"name\":\"Portada\",\"item\":\"https:\\\/\\\/cnsfg.cat\\\/fr\\\/\"},{\"@type\":\"ListItem\",\"position\":2,\"name\":\"Alerte PROCICAT activ\u00e9e pour les vagues\"}]},{\"@type\":\"WebSite\",\"@id\":\"https:\\\/\\\/cnsfg.cat\\\/fr\\\/#website\",\"url\":\"https:\\\/\\\/cnsfg.cat\\\/fr\\\/\",\"name\":\"Club N\u00e0utic Sant Feliu de Guixols\",\"description\":\"Club n\u00e0utic amb m\u00e9s de 400 amarradors a Sant Feliu de Guixols, Costa Brava.\",\"publisher\":{\"@id\":\"https:\\\/\\\/cnsfg.cat\\\/fr\\\/#organization\"},\"potentialAction\":[{\"@type\":\"SearchAction\",\"target\":{\"@type\":\"EntryPoint\",\"urlTemplate\":\"https:\\\/\\\/cnsfg.cat\\\/fr\\\/?s={search_term_string}\"},\"query-input\":{\"@type\":\"PropertyValueSpecification\",\"valueRequired\":true,\"valueName\":\"search_term_string\"}}],\"inLanguage\":\"fr-FR\"},{\"@type\":\"Organization\",\"@id\":\"https:\\\/\\\/cnsfg.cat\\\/fr\\\/#organization\",\"name\":\"Club Na\u00f9tic Sant Feliu de Guixols\",\"url\":\"https:\\\/\\\/cnsfg.cat\\\/fr\\\/\",\"logo\":{\"@type\":\"ImageObject\",\"inLanguage\":\"fr-FR\",\"@id\":\"https:\\\/\\\/cnsfg.cat\\\/fr\\\/#\\\/schema\\\/logo\\\/image\\\/\",\"url\":\"https:\\\/\\\/cnsfg.cat\\\/wp-content\\\/uploads\\\/2020\\\/03\\\/LOGO_CNSFG_180.png\",\"contentUrl\":\"https:\\\/\\\/cnsfg.cat\\\/wp-content\\\/uploads\\\/2020\\\/03\\\/LOGO_CNSFG_180.png\",\"width\":180,\"height\":71,\"caption\":\"Club Na\u00f9tic Sant Feliu de Guixols\"},\"image\":{\"@id\":\"https:\\\/\\\/cnsfg.cat\\\/fr\\\/#\\\/schema\\\/logo\\\/image\\\/\"},\"sameAs\":[\"https:\\\/\\\/www.facebook.com\\\/Club-N\u00e0utic-Sant-Feliu-525823567569507\\\/\",\"https:\\\/\\\/x.com\\\/NauticSantFeliu\"]},{\"@type\":\"Person\",\"@id\":\"https:\\\/\\\/cnsfg.cat\\\/fr\\\/#\\\/schema\\\/person\\\/4692ae1497c51d70b33ac922e8c6c488\",\"name\":\"Joana Valent\",\"image\":{\"@type\":\"ImageObject\",\"inLanguage\":\"fr-FR\",\"@id\":\"https:\\\/\\\/secure.gravatar.com\\\/avatar\\\/5f78539fa1bea92ad6051500b1db1b0b36a8ee6743e42e6d8515ef5eee33904b?s=96&d=mm&r=g\",\"url\":\"https:\\\/\\\/secure.gravatar.com\\\/avatar\\\/5f78539fa1bea92ad6051500b1db1b0b36a8ee6743e42e6d8515ef5eee33904b?s=96&d=mm&r=g\",\"contentUrl\":\"https:\\\/\\\/secure.gravatar.com\\\/avatar\\\/5f78539fa1bea92ad6051500b1db1b0b36a8ee6743e42e6d8515ef5eee33904b?s=96&d=mm&r=g\",\"caption\":\"Joana Valent\"}}]}<\/script>\n<!-- \/ Yoast SEO plugin. -->","yoast_head_json":{"title":"Alerte PROCICAT activ\u00e9e pour les vagues - Club N\u00e0utic Sant Feliu de Guixols","robots":{"index":"index","follow":"follow","max-snippet":"max-snippet:-1","max-image-preview":"max-image-preview:large","max-video-preview":"max-video-preview:-1"},"canonical":"https:\/\/cnsfg.cat\/fr\/alerte-procicat-activee-pour-les-vagues\/","og_locale":"fr_FR","og_type":"article","og_title":"Alerte PROCICAT activ\u00e9e pour les vagues - Club N\u00e0utic Sant Feliu de Guixols","og_description":"Sur la base des pr\u00e9visions m\u00e9t\u00e9orologiques \u00e9mises par le Service m\u00e9t\u00e9orologique de Catalogne et des effets attendus de celles-ci, le Plan de Protection Civile de Catalogne (PROCICAT) a \u00e9t\u00e9 activ\u00e9 [&hellip;]","og_url":"https:\/\/cnsfg.cat\/fr\/alerte-procicat-activee-pour-les-vagues\/","og_site_name":"Club N\u00e0utic Sant Feliu de Guixols","article_publisher":"https:\/\/www.facebook.com\/Club-N%c3%a0utic-Sant-Feliu-525823567569507\/","article_published_time":"2023-11-01T18:34:32+00:00","og_image":[{"url":"https:\/\/cnsfg.cat\/wp-content\/uploads\/2023\/10\/descarga-300x81.png","type":"","width":"","height":""}],"author":"Joana Valent","twitter_card":"summary_large_image","twitter_creator":"@NauticSantFeliu","twitter_site":"@NauticSantFeliu","schema":{"@context":"https:\/\/schema.org","@graph":[{"@type":"Article","@id":"https:\/\/cnsfg.cat\/fr\/alerte-procicat-activee-pour-les-vagues\/#article","isPartOf":{"@id":"https:\/\/cnsfg.cat\/fr\/alerte-procicat-activee-pour-les-vagues\/"},"author":{"name":"Joana Valent","@id":"https:\/\/cnsfg.cat\/fr\/#\/schema\/person\/4692ae1497c51d70b33ac922e8c6c488"},"headline":"Alerte PROCICAT activ\u00e9e pour les vagues","datePublished":"2023-11-01T18:34:32+00:00","mainEntityOfPage":{"@id":"https:\/\/cnsfg.cat\/fr\/alerte-procicat-activee-pour-les-vagues\/"},"wordCount":173,"publisher":{"@id":"https:\/\/cnsfg.cat\/fr\/#organization"},"image":{"@id":"https:\/\/cnsfg.cat\/fr\/alerte-procicat-activee-pour-les-vagues\/#primaryimage"},"thumbnailUrl":"https:\/\/cnsfg.cat\/wp-content\/uploads\/2023\/10\/descarga-300x81.png","keywords":["alerte","Enfler","Procicat"],"articleSection":["Comuniqu\u00e9es"],"inLanguage":"fr-FR"},{"@type":"WebPage","@id":"https:\/\/cnsfg.cat\/fr\/alerte-procicat-activee-pour-les-vagues\/","url":"https:\/\/cnsfg.cat\/fr\/alerte-procicat-activee-pour-les-vagues\/","name":"Alerte PROCICAT activ\u00e9e pour les vagues - Club N\u00e0utic Sant Feliu de Guixols","isPartOf":{"@id":"https:\/\/cnsfg.cat\/fr\/#website"},"primaryImageOfPage":{"@id":"https:\/\/cnsfg.cat\/fr\/alerte-procicat-activee-pour-les-vagues\/#primaryimage"},"image":{"@id":"https:\/\/cnsfg.cat\/fr\/alerte-procicat-activee-pour-les-vagues\/#primaryimage"},"thumbnailUrl":"https:\/\/cnsfg.cat\/wp-content\/uploads\/2023\/10\/descarga-300x81.png","datePublished":"2023-11-01T18:34:32+00:00","breadcrumb":{"@id":"https:\/\/cnsfg.cat\/fr\/alerte-procicat-activee-pour-les-vagues\/#breadcrumb"},"inLanguage":"fr-FR","potentialAction":[{"@type":"ReadAction","target":["https:\/\/cnsfg.cat\/fr\/alerte-procicat-activee-pour-les-vagues\/"]}]},{"@type":"ImageObject","inLanguage":"fr-FR","@id":"https:\/\/cnsfg.cat\/fr\/alerte-procicat-activee-pour-les-vagues\/#primaryimage","url":"https:\/\/cnsfg.cat\/wp-content\/uploads\/2023\/10\/descarga-300x81.png","contentUrl":"https:\/\/cnsfg.cat\/wp-content\/uploads\/2023\/10\/descarga-300x81.png"},{"@type":"BreadcrumbList","@id":"https:\/\/cnsfg.cat\/fr\/alerte-procicat-activee-pour-les-vagues\/#breadcrumb","itemListElement":[{"@type":"ListItem","position":1,"name":"Portada","item":"https:\/\/cnsfg.cat\/fr\/"},{"@type":"ListItem","position":2,"name":"Alerte PROCICAT activ\u00e9e pour les vagues"}]},{"@type":"WebSite","@id":"https:\/\/cnsfg.cat\/fr\/#website","url":"https:\/\/cnsfg.cat\/fr\/","name":"Club N\u00e0utic Sant Feliu de Guixols","description":"Club n\u00e0utic amb m\u00e9s de 400 amarradors a Sant Feliu de Guixols, Costa Brava.","publisher":{"@id":"https:\/\/cnsfg.cat\/fr\/#organization"},"potentialAction":[{"@type":"SearchAction","target":{"@type":"EntryPoint","urlTemplate":"https:\/\/cnsfg.cat\/fr\/?s={search_term_string}"},"query-input":{"@type":"PropertyValueSpecification","valueRequired":true,"valueName":"search_term_string"}}],"inLanguage":"fr-FR"},{"@type":"Organization","@id":"https:\/\/cnsfg.cat\/fr\/#organization","name":"Club Na\u00f9tic Sant Feliu de Guixols","url":"https:\/\/cnsfg.cat\/fr\/","logo":{"@type":"ImageObject","inLanguage":"fr-FR","@id":"https:\/\/cnsfg.cat\/fr\/#\/schema\/logo\/image\/","url":"https:\/\/cnsfg.cat\/wp-content\/uploads\/2020\/03\/LOGO_CNSFG_180.png","contentUrl":"https:\/\/cnsfg.cat\/wp-content\/uploads\/2020\/03\/LOGO_CNSFG_180.png","width":180,"height":71,"caption":"Club Na\u00f9tic Sant Feliu de Guixols"},"image":{"@id":"https:\/\/cnsfg.cat\/fr\/#\/schema\/logo\/image\/"},"sameAs":["https:\/\/www.facebook.com\/Club-N\u00e0utic-Sant-Feliu-525823567569507\/","https:\/\/x.com\/NauticSantFeliu"]},{"@type":"Person","@id":"https:\/\/cnsfg.cat\/fr\/#\/schema\/person\/4692ae1497c51d70b33ac922e8c6c488","name":"Joana Valent","image":{"@type":"ImageObject","inLanguage":"fr-FR","@id":"https:\/\/secure.gravatar.com\/avatar\/5f78539fa1bea92ad6051500b1db1b0b36a8ee6743e42e6d8515ef5eee33904b?s=96&d=mm&r=g","url":"https:\/\/secure.gravatar.com\/avatar\/5f78539fa1bea92ad6051500b1db1b0b36a8ee6743e42e6d8515ef5eee33904b?s=96&d=mm&r=g","contentUrl":"https:\/\/secure.gravatar.com\/avatar\/5f78539fa1bea92ad6051500b1db1b0b36a8ee6743e42e6d8515ef5eee33904b?s=96&d=mm&r=g","caption":"Joana Valent"}}]}},"_links":{"self":[{"href":"https:\/\/cnsfg.cat\/fr\/wp-json\/wp\/v2\/posts\/390466","targetHints":{"allow":["GET"]}}],"collection":[{"href":"https:\/\/cnsfg.cat\/fr\/wp-json\/wp\/v2\/posts"}],"about":[{"href":"https:\/\/cnsfg.cat\/fr\/wp-json\/wp\/v2\/types\/post"}],"author":[{"embeddable":true,"href":"https:\/\/cnsfg.cat\/fr\/wp-json\/wp\/v2\/users\/21"}],"replies":[{"embeddable":true,"href":"https:\/\/cnsfg.cat\/fr\/wp-json\/wp\/v2\/comments?post=390466"}],"version-history":[{"count":0,"href":"https:\/\/cnsfg.cat\/fr\/wp-json\/wp\/v2\/posts\/390466\/revisions"}],"wp:attachment":[{"href":"https:\/\/cnsfg.cat\/fr\/wp-json\/wp\/v2\/media?parent=390466"}],"wp:term":[{"taxonomy":"category","embeddable":true,"href":"https:\/\/cnsfg.cat\/fr\/wp-json\/wp\/v2\/categories?post=390466"},{"taxonomy":"post_tag","embeddable":true,"href":"https:\/\/cnsfg.cat\/fr\/wp-json\/wp\/v2\/tags?post=390466"}],"curies":[{"name":"wp","href":"https:\/\/api.w.org\/{rel}","templated":true}]}}